{"id":621439,"date":"2025-12-25T11:16:18","date_gmt":"2025-12-25T11:16:18","guid":{"rendered":"https:\/\/www.europesays.com\/fr\/621439\/"},"modified":"2025-12-25T11:16:18","modified_gmt":"2025-12-25T11:16:18","slug":"altitude-tour-gard-feminin-les-etapes-2026-actualite","status":"publish","type":"post","link":"https:\/\/www.europesays.com\/fr\/621439\/","title":{"rendered":"Altitude Tour Gard F\u00e9minin : Les \u00e9tapes 2026 &#8211; Actualit\u00e9"},"content":{"rendered":"<p>                                                                    <img decoding=\"async\" src=\"https:\/\/www.europesays.com\/fr\/wp-content\/uploads\/2025\/12\/6941a698aca63.jpg\" height=\"auto\" loading=\"lazy\"\/><br \/>\n                                                                    Cr\u00e9dit photo Nicolas Mabyle &#8211; DirectVelo<\/p>\n<p class=\"images-caption\">Cr\u00e9dit photo Nicolas Mabyle &#8211; DirectVelo<\/p>\n<p class=\"metadata\">\n            Par<br \/>\n        <strong class=\"text-black\">DOMINIQUE TURGIS<\/strong><br \/>\n                    <br \/>Le<br \/>\n    25 d\u00e9cembre 2025, 09:37<\/p>\n<p style=\"text-align: justify;\">Pour sa troisi\u00e8me \u00e9dition, l&rsquo;Altitude Tour Gard F\u00e9minin gagnera une journ\u00e9e en 2026 et s&rsquo;\u00e9tendra du 6 au 8 mars. Un minimum de quinze \u00e9quipes sont attendues. La gagnante de la course F\u00e9d\u00e9rale 2.15 <a href=\"https:\/\/www.directvelo.com\/epreuve\/45738\/altitude-tour-feminin-gard-2025\" target=\"_blank\" rel=\"noopener\"><strong>succ\u00e8dera \u00e0 L\u00e9a Stern<\/strong><\/a>\u00a0au palmar\u00e8s de l&rsquo;\u00e9preuve organis\u00e9e par l&rsquo;Association Cyclisme F\u00e9minin Inter-R\u00e9gionale.<\/p>\n<p style=\"text-align: justify;\"><strong>Les \u00e9tapes de l&rsquo;Altitude Tour Gard F\u00e9minin 2026<\/strong> :\u00a0<br \/>06\/03 &#8211; Et. 1 : Vauvert &#8211; Vauvert<br \/>07\/03 &#8211; Et. 2 : Rochefort-du-Gard &#8211; Rochefort-du-Gard<br \/>08\/03 &#8211; Et. 3 : M\u00e9jannes-le-Clap &#8211; Brouzet-l\u00e8s-Al\u00e8s<\/p>\n","protected":false},"excerpt":{"rendered":"Cr\u00e9dit photo Nicolas Mabyle &#8211; DirectVelo Cr\u00e9dit photo Nicolas Mabyle &#8211; DirectVelo Par DOMINIQUE TURGIS Le 25 d\u00e9cembre&hellip;\n","protected":false},"author":2,"featured_media":621440,"comment_status":"","ping_status":"","sticky":false,"template":"","format":"standard","meta":{"footnotes":""},"categories":[1411],"tags":[834,828,836,829,837,827,83,826,824,823,1154,207,814,817,815,816,822,821,832,211,839,1011,27,820,818,819,835,831,830,833,838,60,212,208,825],"class_list":{"0":"post-621439","1":"post","2":"type-post","3":"status-publish","4":"format-standard","5":"has-post-thumbnail","7":"category-cyclisme","8":"tag-attaque","9":"tag-belgique","10":"tag-braquet","11":"tag-bretagne","12":"tag-chute","13":"tag-competition","14":"tag-coupe-de-france","15":"tag-coureur","16":"tag-course-cyclisme","17":"tag-course-cycliste","18":"tag-cycling","19":"tag-cyclisme","20":"tag-direct","21":"tag-direct-velo","22":"tag-directvelo","23":"tag-directvelo-com","24":"tag-epreuve","25":"tag-epreuve-cycliste","26":"tag-federation-francaise-de-cyclisme","27":"tag-ffc","28":"tag-flandres","29":"tag-fr","30":"tag-france","31":"tag-live","32":"tag-live-course","33":"tag-live-epreuve","34":"tag-peloton","35":"tag-radio-peloton","36":"tag-radio-tour","37":"tag-ravitaillement","38":"tag-relance","39":"tag-sports","40":"tag-uci","41":"tag-velo","42":"tag-velos"},"share_on_mastodon":{"url":"https:\/\/pubeurope.com\/@fr\/115779927884013684","error":""},"_links":{"self":[{"href":"https:\/\/www.europesays.com\/fr\/wp-json\/wp\/v2\/posts\/621439","targetHints":{"allow":["GET"]}}],"collection":[{"href":"https:\/\/www.europesays.com\/fr\/wp-json\/wp\/v2\/posts"}],"about":[{"href":"https:\/\/www.europesays.com\/fr\/wp-json\/wp\/v2\/types\/post"}],"author":[{"embeddable":true,"href":"https:\/\/www.europesays.com\/fr\/wp-json\/wp\/v2\/users\/2"}],"replies":[{"embeddable":true,"href":"https:\/\/www.europesays.com\/fr\/wp-json\/wp\/v2\/comments?post=621439"}],"version-history":[{"count":0,"href":"https:\/\/www.europesays.com\/fr\/wp-json\/wp\/v2\/posts\/621439\/revisions"}],"wp:featuredmedia":[{"embeddable":true,"href":"https:\/\/www.europesays.com\/fr\/wp-json\/wp\/v2\/media\/621440"}],"wp:attachment":[{"href":"https:\/\/www.europesays.com\/fr\/wp-json\/wp\/v2\/media?parent=621439"}],"wp:term":[{"taxonomy":"category","embeddable":true,"href":"https:\/\/www.europesays.com\/fr\/wp-json\/wp\/v2\/categories?post=621439"},{"taxonomy":"post_tag","embeddable":true,"href":"https:\/\/www.europesays.com\/fr\/wp-json\/wp\/v2\/tags?post=621439"}],"curies":[{"name":"wp","href":"https:\/\/api.w.org\/{rel}","templated":true}]}}