{"id":62144,"date":"2025-04-29T15:49:07","date_gmt":"2025-04-29T15:49:07","guid":{"rendered":"https:\/\/www.europesays.com\/fr\/62144\/"},"modified":"2025-04-29T15:49:07","modified_gmt":"2025-04-29T15:49:07","slug":"meteo-france-annonce-une-vague-de-chaleur-a-bordeaux-avant-le-retour-des-orages","status":"publish","type":"post","link":"https:\/\/www.europesays.com\/fr\/62144\/","title":{"rendered":"M\u00e9t\u00e9o France annonce une vague de chaleur \u00e0 Bordeaux avant le retour des orages"},"content":{"rendered":"<p>            Par<br \/>\n        <strong><br \/>\n            <a href=\"https:\/\/actu.fr\/auteur\/redaction-bordeaux\" title=\"Consulter tous les articles de R\u00e9daction Bordeaux\" target=\"_blank\" rel=\"noopener\">R\u00e9daction Bordeaux<\/a><br \/>\n        <\/strong><\/p>\n<p>        Publi\u00e9 le<\/p>\n<p>            29 avr. 2025 \u00e0 17h22        <\/p>\n<p>Un grand soleil rayonne ce Bordeaux ce mardi 29 avril 2025. Les t-shirts sont de sortie, le temps id\u00e9al <a href=\"https:\/\/actu.fr\/nouvelle-aquitaine\/bordeaux_33063\/en-images-le-miroir-d-eau-de-bordeaux-se-transforme-en-studio-de-danse-a-ciel-ouvert_62573089.html\" target=\"_blank\" rel=\"noopener\">pour un cours de danse g\u00e9ant sur la miroir d\u2019eau.<\/a> Cette <strong>chaleur pr\u00e9coce<\/strong> devrait perdurer quelques jours, mais attention aux orages qui devraient bient\u00f4t \u00e9clater.<\/p>\n<p class=\" wall-content\">D\u2019apr\u00e8s <a href=\"https:\/\/actu.fr\/tag\/meteo-france\" target=\"_blank\" rel=\"noopener\">M\u00e9t\u00e9o France,<\/a> les temp\u00e9ratures <strong>atteignent les 26 degr\u00e9s<\/strong> ce mardi et devraient \u00eatre identiques mercredi. Apr\u00e8s une journ\u00e9e \u00e0 24 degr\u00e9s maximum jeudi (et quelques nuages), le mercure devrait grimper jusqu\u2019\u00e0 28 degr\u00e9s vendredi. Ce week-end, des temp\u00e9ratures jusqu\u2019\u00e0 24 degr\u00e9s seront \u00e0 nouveau attendues.\u00a0<\/p>\n<p>Des orages attendus ce week-end<\/p>\n<p class=\" wall-content\">Mais attention, \u00e0 partir de vendredi apr\u00e8s-midi M\u00e9t\u00e9o France annonce <strong>des risques d\u2019orages<\/strong> sur la capitale girondine. Et les Bordelais ne devraient pas y \u00e9chapper samedi et dimanche.<\/p>\n<p class=\" wall-content\">Cette hausse des temp\u00e9ratures est due \u00e0 \u00ab\u00a0une goutte froide au large du Portugal\u00a0\u00bb, <a href=\"https:\/\/actu.fr\/meteo\/un-gros-coup-de-chaleur-et-des-orages-violents-en-france-la-meteo-pour-le-pont-du-1er-mai_62566636.html\" target=\"_blank\" rel=\"noopener\">d\u00e9crypte le m\u00e9t\u00e9orologue Yann Amice pour actu.fr.<\/a> En fait, \u00ab\u00a0lorsque <strong>cette d\u00e9pression va se rapprocher de la France,<\/strong> vendredi soir, cela apportera de l\u2019instabilit\u00e9 en altitude, avec des temp\u00e9ratures au sol alors tr\u00e8s chaudes, donc un cocktail favorisant des orages violents durant le week-end.\u00a0\u00bb<\/p>\n<p class=\" wall-content\">Dans le <strong>reste du d\u00e9partement<\/strong> de la Gironde, la tendance m\u00e9t\u00e9o devrait \u00eatre semblable.<\/p>\n<p>Vid\u00e9os : en ce moment sur Actu<\/p>\n<p class=\" wall-content\">Suivez toute l\u2019actualit\u00e9 de vos villes et m\u00e9dias favoris en vous inscrivant \u00e0 <a href=\"https:\/\/moncompte.actu.fr\" title=\"D\u00e9couvez Mon Actu\" rel=\"nofollow noopener\" data-trk=\"{&quot;cta&quot;:{&quot;action&quot;:&quot;https:\\\/\\\/moncompte.actu.fr&quot;,&quot;category&quot;:&quot;mon compte&quot;,&quot;from&quot;:&quot;article footer&quot;,&quot;name&quot;:&quot;Mon actu&quot;,&quot;type&quot;:&quot;cta&quot;}}\" target=\"_blank\">Mon Actu<\/a>.<\/p>\n","protected":false},"excerpt":{"rendered":"Par R\u00e9daction Bordeaux Publi\u00e9 le 29 avr. 2025 \u00e0 17h22 Un grand soleil rayonne ce Bordeaux ce mardi&hellip;\n","protected":false},"author":2,"featured_media":62145,"comment_status":"","ping_status":"","sticky":false,"template":"","format":"standard","meta":{"footnotes":""},"categories":[2817],"tags":[1111,11,1997,1777,674,1011,27,2487,2357,12,2219,4594,25,15637],"class_list":{"0":"post-62144","1":"post","2":"type-post","3":"status-publish","4":"format-standard","5":"has-post-thumbnail","7":"category-bordeaux","8":"tag-actu","9":"tag-actualites","10":"tag-bordeaux","11":"tag-eu","12":"tag-europe","13":"tag-fr","14":"tag-france","15":"tag-meteo","16":"tag-meteo-france","17":"tag-news","18":"tag-nouvelle-aquitaine","19":"tag-orages","20":"tag-republique-francaise","21":"tag-vague-de-chaleur"},"share_on_mastodon":{"url":"https:\/\/pubeurope.com\/@fr\/114422046011428562","error":""},"_links":{"self":[{"href":"https:\/\/www.europesays.com\/fr\/wp-json\/wp\/v2\/posts\/62144","targetHints":{"allow":["GET"]}}],"collection":[{"href":"https:\/\/www.europesays.com\/fr\/wp-json\/wp\/v2\/posts"}],"about":[{"href":"https:\/\/www.europesays.com\/fr\/wp-json\/wp\/v2\/types\/post"}],"author":[{"embeddable":true,"href":"https:\/\/www.europesays.com\/fr\/wp-json\/wp\/v2\/users\/2"}],"replies":[{"embeddable":true,"href":"https:\/\/www.europesays.com\/fr\/wp-json\/wp\/v2\/comments?post=62144"}],"version-history":[{"count":0,"href":"https:\/\/www.europesays.com\/fr\/wp-json\/wp\/v2\/posts\/62144\/revisions"}],"wp:featuredmedia":[{"embeddable":true,"href":"https:\/\/www.europesays.com\/fr\/wp-json\/wp\/v2\/media\/62145"}],"wp:attachment":[{"href":"https:\/\/www.europesays.com\/fr\/wp-json\/wp\/v2\/media?parent=62144"}],"wp:term":[{"taxonomy":"category","embeddable":true,"href":"https:\/\/www.europesays.com\/fr\/wp-json\/wp\/v2\/categories?post=62144"},{"taxonomy":"post_tag","embeddable":true,"href":"https:\/\/www.europesays.com\/fr\/wp-json\/wp\/v2\/tags?post=62144"}],"curies":[{"name":"wp","href":"https:\/\/api.w.org\/{rel}","templated":true}]}}