{"id":621441,"date":"2025-12-25T11:17:13","date_gmt":"2025-12-25T11:17:13","guid":{"rendered":"https:\/\/www.europesays.com\/fr\/621441\/"},"modified":"2025-12-25T11:17:13","modified_gmt":"2025-12-25T11:17:13","slug":"himad-abdelli-entre-lol-et-lom","status":"publish","type":"post","link":"https:\/\/www.europesays.com\/fr\/621441\/","title":{"rendered":"Himad Abdelli entre l&rsquo;OL et l&rsquo;OM ?"},"content":{"rendered":"<p>                            <img width=\"770\" height=\"433\" src=\"https:\/\/www.europesays.com\/fr\/wp-content\/uploads\/2025\/12\/AFP__20251123__DPPI_40025095_022__v1__HighRes__FootballFrenchChampToulouseVAngers-e1766647919832-770.jpeg\" class=\"attachment-article size-article wp-post-image\" alt=\"Himad Abdelli, joueur d'Angers\" decoding=\"async\" fetchpriority=\"high\"  \/><\/p>\n<p>Himad Abdelli, joueur d\u2019Angers (Photo by Nathan Barange \/ DPPI via AFP)<\/p>\n<p>Courtis\u00e9 par l&rsquo;OL, Himad Abdelli ne laisse pas insensible en Ligue 1. L&rsquo;OM a \u00e9galement envie de l&rsquo;attirer dans ses filets. Le milieu d&rsquo;Angers devrait partir cet hiver.<\/p>\n<p>Nous ne sommes m\u00eame pas le 1er janvier, et l&rsquo;OL a d\u00e9j\u00e0 annonc\u00e9 une recrue. Mardi, <strong>Endrick <\/strong>a rejoint le Rh\u00f4ne en provenance du Real Madrid, un transfert <a href=\"https:\/\/www.olympique-et-lyonnais.com\/benzema-paqueta-chiffres-record-larrivee-dendrick-a-lol-cartonne,387295.html\" target=\"_blank\" rel=\"noopener\">assez retentissant<\/a>. Mais l&rsquo;Olympique lyonnais ne veut vraisemblablement pas s&rsquo;arr\u00eater l\u00e0. Dans l&rsquo;entrejeu, il est en qu\u00eate de renfort(s), \u00e0 l&rsquo;image des pistes menant \u00e0 <a href=\"https:\/\/www.olympique-et-lyonnais.com\/mercato-lol-regarde-aussi-du-cote-du-danemark,387248.html\" target=\"_blank\" rel=\"noopener\">Noah <strong>Nartey<\/strong><\/a><strong>\u00a0<\/strong>(Brondby) et Himad <strong>Abdelli <\/strong>(Angers).<\/p>\n<p>Ce dernier appara\u00eet comme l&rsquo;un des \u00e9l\u00e9ments forts du SCO qui r\u00e9alise une excellente premi\u00e8re moiti\u00e9 de saison (10e). Sauf qu&rsquo;\u00e0 six mois de la fin de son contrat, le footballeur de 26 ans est courtis\u00e9 apr\u00e8s ses belles performances en Ligue 1. Utilis\u00e9 \u00e0 treize reprises par son entra\u00eeneur et buteur deux fois, ce joueur au profil technique a aussi attir\u00e9 l&rsquo;attention de Marseille selon RMC Sport et Foot Mercato.<\/p>\n<p>L&rsquo;OL aurait l&rsquo;accord du joueur<\/p>\n<p>Le premier m\u00e9dia nomm\u00e9 indique que pour l&rsquo;instant, les Rhodaniens auraient une petite longueur d&rsquo;avance. L&rsquo;\u00c9quipe <a href=\"https:\/\/www.olympique-et-lyonnais.com\/mercato-abdelli-en-passe-de-rejoindre-lol-cet-hiver,387113.html\" target=\"_blank\" rel=\"noopener\">rapportait d&rsquo;ailleurs<\/a> dimanche qu&rsquo;ils avaient l&rsquo;accord de l&rsquo;international alg\u00e9rien (quatre s\u00e9lections). Reste \u00e0 savoir si ce transfert aura lieu cet hiver, ce que voudrait le principal int\u00e9ress\u00e9, ou si les Angevins parviendront \u00e0 le conserver un semestre de plus. Rappelons qu&rsquo;il peut d\u00e8s janvier signer o\u00f9 il le souhaite en vue du prochain exercice, et qu&rsquo;il est actuellement \u00e0 la CAN avec les Fennecs.<\/p>\n<p>\t\t\t\t\t<a href=\"https:\/\/www.olympique-et-lyonnais.com\/ligue-1-discipline-ou-en-sont-les-joueurs-de-lol-2,387349.html\" title=\"Ligue 1 - Discipline : o\u00f9 en sont les joueurs de l&#039;OL ?\" target=\"_blank\" rel=\"noopener\"><img loading=\"lazy\" width=\"580\" height=\"326\" src=\"https:\/\/www.europesays.com\/fr\/wp-content\/uploads\/2025\/12\/AFP__20251002__DPPI_40426034_005__v1__HighRes__FootballEuropaLeagueLyonVSalzburg-e1759466809317-580x.jpeg\" class=\"attachment-actularge size-actularge wp-post-image\" alt=\"Corentin Tolisso (OL) face au RB Salzburg en Ligue Europa\" decoding=\"async\"  \/>\t\t\t\t\t<\/a><\/p>\n","protected":false},"excerpt":{"rendered":"Himad Abdelli, joueur d\u2019Angers (Photo by Nathan Barange \/ DPPI via AFP) Courtis\u00e9 par l&rsquo;OL, Himad Abdelli ne&hellip;\n","protected":false},"author":2,"featured_media":621442,"comment_status":"","ping_status":"","sticky":false,"template":"","format":"standard","meta":{"footnotes":""},"categories":[1410],"tags":[73117,1438,63,1011,27,1434,241,149,60],"class_list":{"0":"post-621441","1":"post","2":"type-post","3":"status-publish","4":"format-standard","5":"has-post-thumbnail","7":"category-football","8":"tag-abdelli","9":"tag-angers","10":"tag-football","11":"tag-fr","12":"tag-france","13":"tag-mercato","14":"tag-ol","15":"tag-om","16":"tag-sports"},"share_on_mastodon":{"url":"https:\/\/pubeurope.com\/@fr\/115779931827463490","error":""},"_links":{"self":[{"href":"https:\/\/www.europesays.com\/fr\/wp-json\/wp\/v2\/posts\/621441","targetHints":{"allow":["GET"]}}],"collection":[{"href":"https:\/\/www.europesays.com\/fr\/wp-json\/wp\/v2\/posts"}],"about":[{"href":"https:\/\/www.europesays.com\/fr\/wp-json\/wp\/v2\/types\/post"}],"author":[{"embeddable":true,"href":"https:\/\/www.europesays.com\/fr\/wp-json\/wp\/v2\/users\/2"}],"replies":[{"embeddable":true,"href":"https:\/\/www.europesays.com\/fr\/wp-json\/wp\/v2\/comments?post=621441"}],"version-history":[{"count":0,"href":"https:\/\/www.europesays.com\/fr\/wp-json\/wp\/v2\/posts\/621441\/revisions"}],"wp:featuredmedia":[{"embeddable":true,"href":"https:\/\/www.europesays.com\/fr\/wp-json\/wp\/v2\/media\/621442"}],"wp:attachment":[{"href":"https:\/\/www.europesays.com\/fr\/wp-json\/wp\/v2\/media?parent=621441"}],"wp:term":[{"taxonomy":"category","embeddable":true,"href":"https:\/\/www.europesays.com\/fr\/wp-json\/wp\/v2\/categories?post=621441"},{"taxonomy":"post_tag","embeddable":true,"href":"https:\/\/www.europesays.com\/fr\/wp-json\/wp\/v2\/tags?post=621441"}],"curies":[{"name":"wp","href":"https:\/\/api.w.org\/{rel}","templated":true}]}}