{"id":621445,"date":"2025-12-25T11:19:11","date_gmt":"2025-12-25T11:19:11","guid":{"rendered":"https:\/\/www.europesays.com\/fr\/621445\/"},"modified":"2025-12-25T11:19:11","modified_gmt":"2025-12-25T11:19:11","slug":"ces-5-erreurs-que-les-designers-reperent-en-3-secondes-rendent-votre-salon-glacial","status":"publish","type":"post","link":"https:\/\/www.europesays.com\/fr\/621445\/","title":{"rendered":"ces 5 erreurs que les designers rep\u00e8rent en 3 secondes rendent votre salon glacial"},"content":{"rendered":"<p>Un salon presque vide, des murs blancs impeccables, une table<br \/>\nbasse o\u00f9 tr\u00f4nent trois petits objets align\u00e9s comme dans un showroom<br \/>\n: \u00e0 premi\u00e8re vue, tout semble coh\u00e9rent. Pourtant, de nombreux<br \/>\ndesigners voient imm\u00e9diatement que ce type de <strong>d\u00e9coration<br \/>\nminimaliste<\/strong> passe \u00e0 c\u00f4t\u00e9 de l\u2019objectif et cr\u00e9e un<br \/>\nint\u00e9rieur froid.<\/p>\n<p>Selon un article de StarOfService relay\u00e9 par Boursorama, le<br \/>\n<strong>minimalisme<\/strong> en d\u00e9co repose sur la simplicit\u00e9,<br \/>\nl\u2019\u00e9puration et la fonctionnalit\u00e9, avec l\u2019id\u00e9e de transformer la<br \/>\nmaison en sanctuaire apaisant. Quand ces principes sont pouss\u00e9s<br \/>\ntrop loin ou mal compris, ils se transforment en <strong>erreurs<br \/>\nd\u00e9co minimaliste<\/strong> que les professionnels rep\u00e8rent en<br \/>\nquelques secondes.<\/p>\n<p>D\u00e9co minimaliste : quand l\u2019\u00e9pur\u00e9 devient clinique<\/p>\n<p>Les designers parlent souvent d\u2019une erreur majeure : confondre<br \/>\n\u00e9pur\u00e9 et aust\u00e8re. L\u2019article de StarOfService rappelle qu\u2019un exc\u00e8s<br \/>\nd\u2019\u00e9puration peut aboutir \u00e0 un espace \u00ab\u00a0froid et impersonnel\u00a0\u00bb. Pour<br \/>\nBecky Shea, l\u2019enjeu est ailleurs : \u00ab\u00a0Tout repose sur l\u2019\u00e9quilibre<br \/>\nentre simplicit\u00e9 et chaleur\u00a0\u00bb, dit-elle, \u00ab\u00a0lorsqu\u2019il est r\u00e9alis\u00e9<br \/>\nefficacement, un espace minimaliste peut d\u00e9gager un sentiment d\u2019\u00e2me<br \/>\net de richesse qui le rend vraiment sp\u00e9cial\u00a0\u00bb, commente Becky Shea,<br \/>\ncit\u00e9e par The Spruce.<\/p>\n<p>Un autre pi\u00e8ge fr\u00e9quent consiste \u00e0 oublier les mati\u00e8res. Sans<br \/>\ntapis, plaids, rideaux ou bois, le salon ressemble vite \u00e0 un<br \/>\nbureau. Shea recommande des tons et textures plus chauds pour<br \/>\ndonner de la profondeur. M\u00eame constat pour Ayten Nadeau : \u00ab\u00a0\u00c9vitez<br \/>\nde cr\u00e9er un environnement st\u00e9rile en insufflant de la chaleur \u00e0<br \/>\ntravers des sous-tons de peinture chauds, des mat\u00e9riaux naturels,<br \/>\ndes textures vari\u00e9es et des meubles moelleux\u00a0\u00bb, explique la designer<br \/>\nAyten Nadeau, cit\u00e9e par The Spruce.<\/p>\n<p>Objets en trop, rangements en moins : ce que les pros voient<br \/>\nd\u2019abord<\/p>\n<p>Autre erreur que les designers remarquent tout de suite :<br \/>\naccumuler une multitude de petits objets en pensant qu\u2019ils sont<br \/>\n\u00ab\u00a0discrets\u00a0\u00bb. Bougies, mini-cadres, bibelots\u2026 Tous ces \u00e9l\u00e9ments<br \/>\ncassent la lecture visuelle. Becky Shea conseille de se concentrer<br \/>\nsur quelques pi\u00e8ces fortes comme des livres ou des plantes : \u00ab\u00a0Le<br \/>\nminimalisme ne consiste pas seulement \u00e0 avoir moins ; il s\u2019agit de<br \/>\nch\u00e9rir ce que vous avez\u00a0\u00bb, explique Becky Shea, cit\u00e9e par The<br \/>\nSpruce.<\/p>\n<p>Les professionnels rep\u00e8rent aussi imm\u00e9diatement l\u2019absence de<br \/>\nrangement malin. T\u00e9l\u00e9commandes, magazines, chargeurs laissent une<br \/>\nimpression de d\u00e9sordre permanent. La designer Amanda Foster<br \/>\nrecommande d\u2019int\u00e9grer des solutions cach\u00e9es : \u00ab\u00a0C\u2019est comme par<br \/>\nmagie : vous rangez l\u2019essentiel et, voil\u00e0, votre pi\u00e8ce autrefois<br \/>\nchaotique se transforme en un havre zen avec deux fois plus<br \/>\nd\u2019espace\u00a0\u00bb, d\u00e9crit Amanda Foster, cit\u00e9e par The Spruce. Paniers \u00e0<br \/>\ncouvercle, ottomans coffres ou lits avec tiroirs permettent de<br \/>\ngarder un int\u00e9rieur net sans renoncer au quotidien.<\/p>\n<p>Couleurs et personnalit\u00e9 : les derniers<br \/>\npi\u00e8ges du minimalisme<\/p>\n<p>Sur le plan couleur, les designers observent deux exc\u00e8s oppos\u00e9s<br \/>\n: trop de teintes diff\u00e9rentes, ou un tout blanc \u00e9crasant.<br \/>\nStarOfService rappelle que les palettes neutres et tons apaisants<br \/>\n(blanc, beige, gris clair, pastels doux) restent la base. Amanda<br \/>\nFoster insiste, elle, sur la coh\u00e9rence chromatique : \u00ab\u00a0Abandonnez le<br \/>\nchaos des couleurs et optez pour des tons cr\u00e9meux apaisants\u00a0\u00bb,<br \/>\nrecommande Amanda Foster, cit\u00e9e par The Spruce, en pr\u00e9conisant des<br \/>\npalettes monochromes l\u00e9g\u00e8rement att\u00e9nu\u00e9es compl\u00e9t\u00e9es par quelques<br \/>\nneutres.<\/p>\n<p>Derni\u00e8re erreur r\u00e9currente : effacer toute personnalit\u00e9 au nom<br \/>\nde l\u2019\u00e9puration. Certains int\u00e9rieurs minimalistes ne montrent ni<br \/>\nlivres, ni photos, ni objets affectifs, ce qui donne une sensation<br \/>\nde chambre d\u2019h\u00f4tel. Ayten Nadeau conseille l\u2019inverse :<br \/>\n\u00ab\u00a0Personnalisez l\u2019espace avec des h\u00e9ritages familiaux ou des<br \/>\nphotographies pour ajouter du caract\u00e8re et de la profondeur\u00a0\u00bb,<br \/>\nconseille Ayten Nadeau, cit\u00e9e par The Spruce. Un designer regardera<br \/>\nalors si, au milieu des lignes sobres, quelques pi\u00e8ces racontent<br \/>\nvraiment qui habite les lieux.<\/p>\n","protected":false},"excerpt":{"rendered":"Un salon presque vide, des murs blancs impeccables, une table basse o\u00f9 tr\u00f4nent trois petits objets align\u00e9s comme&hellip;\n","protected":false},"author":2,"featured_media":621446,"comment_status":"","ping_status":"","sticky":false,"template":"","format":"standard","meta":{"footnotes":""},"categories":[1358],"tags":[19020,9638,1348,1384,1385,9122,8117,1386,58358,58,3026,59,29266,1011,27,65777,151,73118,746,11493,73119,6290,50031,15161],"class_list":{"0":"post-621445","1":"post","2":"type-post","3":"status-publish","4":"format-standard","5":"has-post-thumbnail","7":"category-arts-et-design","8":"tag-19020","9":"tag-9638","10":"tag-arts","11":"tag-arts-and-design","12":"tag-arts-et-design","13":"tag-ces","14":"tag-deco","15":"tag-design","16":"tag-designers","17":"tag-divertissement","18":"tag-en","19":"tag-entertainment","20":"tag-erreurs","21":"tag-fr","22":"tag-france","23":"tag-glacial","24":"tag-les","25":"tag-minimaliste","26":"tag-que","27":"tag-rendent","28":"tag-reperent","29":"tag-salon","30":"tag-secondes","31":"tag-votre"},"share_on_mastodon":{"url":"https:\/\/pubeurope.com\/@fr\/115779938739087391","error":""},"_links":{"self":[{"href":"https:\/\/www.europesays.com\/fr\/wp-json\/wp\/v2\/posts\/621445","targetHints":{"allow":["GET"]}}],"collection":[{"href":"https:\/\/www.europesays.com\/fr\/wp-json\/wp\/v2\/posts"}],"about":[{"href":"https:\/\/www.europesays.com\/fr\/wp-json\/wp\/v2\/types\/post"}],"author":[{"embeddable":true,"href":"https:\/\/www.europesays.com\/fr\/wp-json\/wp\/v2\/users\/2"}],"replies":[{"embeddable":true,"href":"https:\/\/www.europesays.com\/fr\/wp-json\/wp\/v2\/comments?post=621445"}],"version-history":[{"count":0,"href":"https:\/\/www.europesays.com\/fr\/wp-json\/wp\/v2\/posts\/621445\/revisions"}],"wp:featuredmedia":[{"embeddable":true,"href":"https:\/\/www.europesays.com\/fr\/wp-json\/wp\/v2\/media\/621446"}],"wp:attachment":[{"href":"https:\/\/www.europesays.com\/fr\/wp-json\/wp\/v2\/media?parent=621445"}],"wp:term":[{"taxonomy":"category","embeddable":true,"href":"https:\/\/www.europesays.com\/fr\/wp-json\/wp\/v2\/categories?post=621445"},{"taxonomy":"post_tag","embeddable":true,"href":"https:\/\/www.europesays.com\/fr\/wp-json\/wp\/v2\/tags?post=621445"}],"curies":[{"name":"wp","href":"https:\/\/api.w.org\/{rel}","templated":true}]}}