{"id":621447,"date":"2025-12-25T11:21:26","date_gmt":"2025-12-25T11:21:26","guid":{"rendered":"https:\/\/www.europesays.com\/fr\/621447\/"},"modified":"2025-12-25T11:21:26","modified_gmt":"2025-12-25T11:21:26","slug":"audiences-quel-programme-entre-les-12-coups-de-noel-sur-tf1-et-noubliez-pas-les-enfants-sur-france-2-a-pris-le-leadership","status":"publish","type":"post","link":"https:\/\/www.europesays.com\/fr\/621447\/","title":{"rendered":"Audiences : Quel programme entre \u00ab\u00a0Les 12 coups de No\u00ebl\u00a0\u00bb sur TF1 et \u00ab\u00a0N&rsquo;oubliez pas les enfants\u00a0\u00bb sur France 2 a pris le leadership ?"},"content":{"rendered":"<p>                <img loading=\"lazy\" decoding=\"async\" src=\"https:\/\/www.europesays.com\/fr\/wp-content\/uploads\/2025\/04\/44a3c032d1b1825f-35x35-4.jpg\" class=\"author-article-picture\" width=\"35\" height=\"35\"\/><\/p>\n<p>                    Par<\/p>\n<p>                                            Jeremy Aknin<\/p>\n<p>                    |<\/p>\n<p>                                            Journaliste<\/p>\n<p>\n                N\u00e9 \u00e0 Marseille lors du si\u00e8cle dernier, ville o\u00f9 le soleil est pr\u00e9sent \u00e0 l&rsquo;ann\u00e9e, J\u00e9r\u00e9my a rejoint l&rsquo;\u00e9quipe Puremedias en F\u00e9vrier 2025. Passionn\u00e9 d&rsquo;audiences t\u00e9l\u00e9, il scrute et analyse les chiffres depuis son plus jeune \u00e2ge. C&rsquo;est \u00e9galement un grand fan de s\u00e9ries et d&rsquo;\u00e9missions t\u00e9l\u00e9 !\n            <\/p>\n<p>\n    \u00ab\u00a0Les 12 coups de No\u00ebl\u00a0\u00bb, \u00ab\u00a0N&rsquo;oubliez pas les enfants\u00a0\u00bb, \u00ab\u00a0Poulets grill\u00e9s\u00a0\u00bb, \u00ab\u00a0Tout le monde chante : les stars f\u00eatent No\u00ebl\u00a0\u00bb,&#8230; Les audiences de la soir\u00e9e du mercredi 24 d\u00e9cembre 2025.\n<\/p>\n<p>                            <img loading=\"lazy\" decoding=\"async\" class=\"player-thumbnail\" src=\"https:\/\/www.europesays.com\/fr\/wp-content\/uploads\/2025\/12\/08f749a1817c35ae-580x326-1.jpg\" width=\"580\" height=\"326\"\/><\/p>\n<p>                            Comment sont mesur\u00e9es les audiences t\u00e9l\u00e9 ?<\/p>\n<p>La suite apr\u00e8s la publicit\u00e9<\/p>\n<p>                            <img decoding=\"async\" class=\"article-audience-img\" src=\"https:\/\/www.europesays.com\/fr\/wp-content\/uploads\/2025\/04\/1.jpg\" alt=\"TF1\"\/><\/p>\n<p>\n                    LES 12 COUPS DE NOEL<br \/>\n                    JEU\n                <\/p>\n<p>\n                    3 147 000 t\u00e9l\u00e9spectateurs\n                <\/p>\n<p>                            <img decoding=\"async\" class=\"article-audience-img\" src=\"https:\/\/www.europesays.com\/fr\/wp-content\/uploads\/2025\/04\/3.jpg\" alt=\"France 3\"\/><\/p>\n<p>\n                    POULETS GRILLES \\ LES SECRETS DE L&rsquo;HOTEL<br \/>\n                    SERIE\n                <\/p>\n<p>\n                    1 024 000 t\u00e9l\u00e9spectateurs\n                <\/p>\n<p>                            <img decoding=\"async\" class=\"article-audience-img\" src=\"https:\/\/www.europesays.com\/fr\/wp-content\/uploads\/2025\/04\/2.jpg\" alt=\"France 2\"\/><\/p>\n<p>\n                    N&rsquo;OUBLIEZ PAS LES ENFANTS !<br \/>\n                    JEU\n                <\/p>\n<p>\n                    813 000 t\u00e9l\u00e9spectateurs\n                <\/p>\n<p>                            <img decoding=\"async\" class=\"article-audience-img\" src=\"https:\/\/www.europesays.com\/fr\/wp-content\/uploads\/2025\/04\/6.jpg\" alt=\"M6\"\/><\/p>\n<p>\n                    TOUT LE MONDE CHANTE : LES STARS FETENT NOEL<br \/>\n                    VARIETES\n                <\/p>\n<p>\n                    820 000 t\u00e9l\u00e9spectateurs\n                <\/p>\n<p>                            <img decoding=\"async\" class=\"article-audience-img\" src=\"https:\/\/www.europesays.com\/fr\/wp-content\/uploads\/2025\/04\/13.jpg\" alt=\"TMC\"\/><\/p>\n<p>\n                    LE GRAND BETISIER \\ EDITION 2025<br \/>\n                    HUMOUR\n                <\/p>\n<p>\n                    813 000 t\u00e9l\u00e9spectateurs\n                <\/p>\n<p>    M\u00e9diam\u00e9trie &#8211; M\u00e9diamat ; reproduction interdite, tous droits r\u00e9serv\u00e9s par M\u00e9diam\u00e9trie<\/p>\n<p>Hier soir, c&rsquo;est TF1 qui s&rsquo;est plac\u00e9e en t\u00eate des audiences avec \u00ab\u00a0<a href=\"https:\/\/www.ozap.com\/actu\/audiences-les-12-coups-de-noel-leader-en-baisse-sur-tf1-gros-score-pour-le-grand-betisier-de-c8-plus-fort-quelodie-gossuin-sur-m6\/648102\" target=\"_blank\" rel=\"noopener\">Les 12 coups de No\u00ebl<\/a>\u00ab\u00a0. Anim\u00e9e par <a href=\"https:\/\/www.ozap.com\/personnalite\/jean-luc-reichmann_e1295\" target=\"_blank\" rel=\"noopener\">Jean-Luc Reichmann<\/a> et d\u00e9coup\u00e9e en deux parties, cette soir\u00e9e du r\u00e9veillon de No\u00ebl a \u00e9t\u00e9 suivie par <strong>3,15 millions <\/strong>de t\u00e9l\u00e9spectateurs soit <strong>27,4% de PDA sur l&rsquo;ensemble du public <\/strong>et <strong>32,3% de PDA sur les FRDA-50 <\/strong>de 21h15<strong> <\/strong>\u00e0 22h37<strong> <\/strong>puis par <strong>2,81 millions <\/strong>de t\u00e9l\u00e9spectateurs soit <strong>30,9% de PDA sur l&rsquo;ensemble du public <\/strong>et <strong>35,4% de PDA sur les FRDA-50 <\/strong>de 22h47 \u00e0 23h38. L&rsquo;an dernier, cette m\u00eame offre avait attir\u00e9 2,97 millions de t\u00e9l\u00e9spectateurs (25,8% de PDA 4+ et 25,3% de PDA FRDA-50) puis 2,59 millions de t\u00e9l\u00e9spectateurs (28,2% de PDA 4+ et 24,7% de PDA FRDA-50).<\/p>\n<p>Sur cette journ\u00e9e particuli\u00e8re du 24 d\u00e9cembre, c&rsquo;est TF1 qui est largement en t\u00eate avec<strong> 22;0%% <\/strong>et devance France 2 \u00e0 <strong>13,3%<\/strong>, France 3 \u00e0 <strong>7,2%<\/strong> et M6 \u00e0 <strong>6,9%<\/strong>. On retrouve ensuite TMC en tr\u00e8s grande forme (<strong>4,8%<\/strong>), France 5 et W9 (<strong>2,7%<\/strong>), Arte (<strong>2,6%<\/strong>) ou encore CStar (<strong>2,2%<\/strong>).<\/p>\n<p>\u00ab\u00a0Les 12 coups de No\u00ebl\u00a0\u00bb largement leader sur TF1<\/p>\n<p>\u00c0 la deuxi\u00e8me position, on retrouve France 3 avec un \u00e9pisode en rediffusion de sa s\u00e9rie \u00ab\u00a0Poulets grill\u00e9s\u00a0\u00bb. D\u00e8s 21h10, l&rsquo;\u00e9pisode a \u00e9t\u00e9 revu par <strong>1,02 million <\/strong>de t\u00e9l\u00e9spectateurs soit <strong>8,9% de PDA sur l&rsquo;ensemble du public <\/strong>et <strong>3,3% de PDA sur les FRDA-50<\/strong>. L&rsquo;an dernier, une rediffusion de la s\u00e9rie \u00ab\u00a0Alexandra Ehle\u00a0\u00bb avait rassembl\u00e9 1,23 million de fans (10,7% de PDA 4+ et 4,9% de PDA FRDA-50).<\/p>\n<p>En troisi\u00e8me position, on retrouve France 2 avec <a href=\"https:\/\/www.ozap.com\/personnalite\/nagui_e565\" target=\"_blank\" rel=\"noopener\">Nagui<\/a> et un d\u00e9riv\u00e9 de son \u00e9mission \u00ab\u00a0N&rsquo;oubliez pas les paroles !\u00a0\u00bb. Intitul\u00e9e \u00ab\u00a0N&rsquo;oubliez pas les enfants\u00a0\u00bb, cette \u00e9mission a \u00e9t\u00e9 suivie par <strong>813.000<\/strong> t\u00e9l\u00e9spectateurs soit <strong>7,9% de PDA sur l&rsquo;ensemble du public <\/strong>et <strong>5,8% de PDA sur les FRDA-50<\/strong>. Il y a un, la m\u00eame \u00e9mission avait convaincu 1,20 million de fans (11,7% de PDA 4+ et 11,4% de PDA FRDA-50).<\/p>\n<p>Carton pour TMC aussi forte que France 2 et devant M6<\/p>\n<p>Carton pour TMC qui se place en quatri\u00e8me position avec \u00ab\u00a0Le grand b\u00eatisier de No\u00ebl\u00a0\u00bb suivi par <strong>813.000 <\/strong>t\u00e9l\u00e9spectateurs soit <strong>7,1% de PDA sur l&rsquo;ensemble du public <\/strong>et un incroyable <strong>15,4% de PDA sur les FRDA-50<\/strong>.<\/p>\n<p>M6 est cinqui\u00e8me avec le divertissement \u00ab\u00a0Tout le monde chante : les stars f\u00eatent No\u00ebl\u00a0\u00bb. Anim\u00e9e par <a href=\"https:\/\/www.ozap.com\/personnalite\/elodie-gossuin_e400\" target=\"_blank\" rel=\"noopener\">\u00c9lodie Gossuin<\/a> et <a href=\"https:\/\/www.ozap.com\/personnalite\/jerome-anthony_e28924\" target=\"_blank\" rel=\"noopener\">J\u00e9rome Anthony<\/a>, cette soir\u00e9e, d\u00e9coup\u00e9e en deux parties a \u00e9t\u00e9 suivie par <strong>820.000 <\/strong>t\u00e9l\u00e9spectateurs soit <strong>7,1% de PDA sur l&rsquo;ensemble du public <\/strong>et <strong>9,1% de PDA sur les FRDA-50 <\/strong>de 21h14<strong> <\/strong>\u00e0 22h25<strong> <\/strong>puis par <strong>621.000<\/strong> t\u00e9l\u00e9spectateurs soit <strong>6,3% de PDA sur l&rsquo;ensemble du public <\/strong>et <strong>7,3% de PDA sur les FRDA-50 <\/strong>de 22h32 \u00e0 23h17. L&rsquo;an dernier, \u00ab\u00a0Les disques d&rsquo;or de l&rsquo;ann\u00e9e 2024\u00a0\u00bb avait rassembl\u00e9 873.000 fans (7,5% de PDA 4+ et 10,2% de PDA FRDA-50) puis 763.000 fans (7,9% de PDA 4+ et 9,4% de PDA FRDA-50).<\/p>\n<p>                            <img decoding=\"async\" class=\"article-audience-img\" src=\"https:\/\/www.europesays.com\/fr\/wp-content\/uploads\/2025\/04\/533.jpg\" alt=\"Arte\"\/><\/p>\n<p>\n                    PIEGE A MAREE BASSE<br \/>\n                    DOCUMENTAIRE\n                <\/p>\n<p>\n                    473 000 t\u00e9l\u00e9spectateurs\n                <\/p>\n<p>                            <img decoding=\"async\" class=\"article-audience-img\" src=\"https:\/\/www.europesays.com\/fr\/wp-content\/uploads\/2025\/04\/534.jpg\" alt=\"France 5\"\/><\/p>\n<p>\n                    RENDEZ-VOUS EN TERRE INCONNUE \\ AVEC KENDJI GIRAC CHEZ LES TURKANA<br \/>\n                    DOCUMENTAIRE\n                <\/p>\n<p>\n                    355 000 t\u00e9l\u00e9spectateurs\n                <\/p>\n<p>                            <img decoding=\"async\" class=\"article-audience-img\" src=\"https:\/\/www.europesays.com\/fr\/wp-content\/uploads\/2025\/10\/728.jpg\" alt=\"RMC Life\"\/><\/p>\n<p>\n                    COLD CASE \\ FLASH INFO<br \/>\n                    SERIE\n                <\/p>\n<p>\n                    301 000 t\u00e9l\u00e9spectateurs\n                <\/p>\n<p>                            <img decoding=\"async\" class=\"article-audience-img\" src=\"https:\/\/www.europesays.com\/fr\/wp-content\/uploads\/2025\/04\/499.jpg\" alt=\"CSTAR\"\/><\/p>\n<p>\n                    LE GRAND BETISIER \\ EDITION 2025<br \/>\n                    HUMOUR\n                <\/p>\n<p>\n                    306 000 t\u00e9l\u00e9spectateurs\n                <\/p>\n<p>                            <img decoding=\"async\" class=\"article-audience-img\" src=\"https:\/\/www.europesays.com\/fr\/wp-content\/uploads\/2025\/04\/725.jpg\" alt=\"6ter\"\/><\/p>\n<p>\n                    DEUX SUPER FLICS<br \/>\n                    FILM\n                <\/p>\n<p>\n                    239 000 t\u00e9l\u00e9spectateurs\n                <\/p>\n<p>                            <img decoding=\"async\" class=\"article-audience-img\" src=\"https:\/\/www.europesays.com\/fr\/wp-content\/uploads\/2025\/04\/336.jpg\" alt=\"W9\"\/><\/p>\n<p>\n                    LA PETITE HISTOIRE DE FRANCE<br \/>\n                    SERIE\n                <\/p>\n<p>\n                    210 000 t\u00e9l\u00e9spectateurs\n                <\/p>\n<p>                            <img decoding=\"async\" class=\"article-audience-img\" src=\"https:\/\/www.europesays.com\/fr\/wp-content\/uploads\/2025\/04\/723.jpg\" alt=\"TF1 Series Film\"\/><\/p>\n<p>\n                    LE GRINCH<br \/>\n                    FILM\n                <\/p>\n<p>\n                    209 000 t\u00e9l\u00e9spectateurs\n                <\/p>\n<p>                            <img decoding=\"async\" class=\"article-audience-img\" src=\"https:\/\/www.europesays.com\/fr\/wp-content\/uploads\/2025\/04\/726.jpg\" alt=\"RMC Story\"\/><\/p>\n<p>\n                    LE SUPER BETISIER<br \/>\n                    HUMOUR\n                <\/p>\n<p>\n                    178 000 t\u00e9l\u00e9spectateurs\n                <\/p>\n<p>                            <img decoding=\"async\" class=\"article-audience-img\" src=\"https:\/\/www.europesays.com\/fr\/wp-content\/uploads\/2025\/04\/532.jpg\" alt=\"Gulli\"\/><\/p>\n<p>\n                    UN NOEL CHEZ LES LOUD<br \/>\n                    TELEFILM\n                <\/p>\n<p>\n                    166 000 t\u00e9l\u00e9spectateurs\n                <\/p>\n<p>                            <img decoding=\"async\" class=\"article-audience-img\" src=\"https:\/\/www.europesays.com\/fr\/wp-content\/uploads\/2025\/04\/727.jpg\" alt=\"RMC D\u00e9couverte\"\/><\/p>\n<p>\n                    FLIC STORY \\ AU COEUR DES CRS &#8211; EPISODE 3<br \/>\n                    DOCUMENTAIRE\n                <\/p>\n<p>\n                    114 000 t\u00e9l\u00e9spectateurs\n                <\/p>\n<p>                            <img decoding=\"async\" class=\"article-audience-img\" src=\"https:\/\/www.europesays.com\/fr\/wp-content\/uploads\/2025\/04\/4.jpg\" alt=\"Canal+\"\/><\/p>\n<p>\n                    EMISSIONS CRYPTEES<br \/>\n                    AUTRES\n                <\/p>\n<p>\n                    63 000 t\u00e9l\u00e9spectateurs\n                <\/p>\n<p>                            <img decoding=\"async\" class=\"article-audience-img\" src=\"https:\/\/www.europesays.com\/fr\/wp-content\/uploads\/2025\/04\/43.jpg\" alt=\"TFX\"\/><\/p>\n<p>\n                    LES SCHTROUMPFS (2 EPISODES)<br \/>\n                    DESSIN ANIME\n                <\/p>\n<p>\n                    49 000 t\u00e9l\u00e9spectateurs\n                <\/p>\n<p>    M\u00e9diam\u00e9trie &#8211; M\u00e9diamat ; reproduction interdite, tous droits r\u00e9serv\u00e9s par M\u00e9diam\u00e9trie<\/p>\n","protected":false},"excerpt":{"rendered":"Par Jeremy Aknin | Journaliste N\u00e9 \u00e0 Marseille lors du si\u00e8cle dernier, ville o\u00f9 le soleil est pr\u00e9sent&hellip;\n","protected":false},"author":2,"featured_media":621448,"comment_status":"","ping_status":"","sticky":false,"template":"","format":"standard","meta":{"footnotes":""},"categories":[1356],"tags":[58,59,1011,27,252,1364],"class_list":{"0":"post-621447","1":"post","2":"type-post","3":"status-publish","4":"format-standard","5":"has-post-thumbnail","7":"category-television","8":"tag-divertissement","9":"tag-entertainment","10":"tag-fr","11":"tag-france","12":"tag-television","13":"tag-tv"},"share_on_mastodon":{"url":"https:\/\/pubeurope.com\/@fr\/115779948667038729","error":""},"_links":{"self":[{"href":"https:\/\/www.europesays.com\/fr\/wp-json\/wp\/v2\/posts\/621447","targetHints":{"allow":["GET"]}}],"collection":[{"href":"https:\/\/www.europesays.com\/fr\/wp-json\/wp\/v2\/posts"}],"about":[{"href":"https:\/\/www.europesays.com\/fr\/wp-json\/wp\/v2\/types\/post"}],"author":[{"embeddable":true,"href":"https:\/\/www.europesays.com\/fr\/wp-json\/wp\/v2\/users\/2"}],"replies":[{"embeddable":true,"href":"https:\/\/www.europesays.com\/fr\/wp-json\/wp\/v2\/comments?post=621447"}],"version-history":[{"count":0,"href":"https:\/\/www.europesays.com\/fr\/wp-json\/wp\/v2\/posts\/621447\/revisions"}],"wp:featuredmedia":[{"embeddable":true,"href":"https:\/\/www.europesays.com\/fr\/wp-json\/wp\/v2\/media\/621448"}],"wp:attachment":[{"href":"https:\/\/www.europesays.com\/fr\/wp-json\/wp\/v2\/media?parent=621447"}],"wp:term":[{"taxonomy":"category","embeddable":true,"href":"https:\/\/www.europesays.com\/fr\/wp-json\/wp\/v2\/categories?post=621447"},{"taxonomy":"post_tag","embeddable":true,"href":"https:\/\/www.europesays.com\/fr\/wp-json\/wp\/v2\/tags?post=621447"}],"curies":[{"name":"wp","href":"https:\/\/api.w.org\/{rel}","templated":true}]}}