{"id":621453,"date":"2025-12-25T11:24:12","date_gmt":"2025-12-25T11:24:12","guid":{"rendered":"https:\/\/www.europesays.com\/fr\/621453\/"},"modified":"2025-12-25T11:24:12","modified_gmt":"2025-12-25T11:24:12","slug":"ce-chauffage-ecolo-pourrait-augmenter-les-risques-de-cancer-du-poumon-alerte-les-scientifiques","status":"publish","type":"post","link":"https:\/\/www.europesays.com\/fr\/621453\/","title":{"rendered":"Ce chauffage \u00ab \u00e9colo \u00bb pourrait augmenter les risques de cancer du poumon, alerte les scientifiques"},"content":{"rendered":"<p>Appr\u00e9ci\u00e9e pour son c\u00f4t\u00e9 \u00e9cologique et \u00e9conomique, le chauffage au bois devient le s<strong>yst\u00e8me de chauffe de pr\u00e9dilection<\/strong> des Fran\u00e7ais. Cependant, des recherches r\u00e9centes ont mis en \u00e9vidence des effets pr\u00e9occupants pour la sant\u00e9, notamment en ce qui concerne les particules fines et les compos\u00e9s toxiques \u00e9mis lors de la combustion.<\/p>\n<p>En effet, la combustion de bois g\u00e9n\u00e8re plusieurs polluants dangereux pour la sant\u00e9, notamment des<strong> particules fines (PM2,5)<\/strong>, du monoxyde de carbone et des hydrocarbures aromatiques polycycliques. Ces substances sont consid\u00e9r\u00e9es comme canc\u00e9rig\u00e8nes et restent pr\u00e9sentes dans l\u2019atmosph\u00e8re int\u00e9rieure longtemps apr\u00e8s l\u2019extinction du feu.<\/p>\n<p>Sant\u00e9 Publique France identifie le chauffage r\u00e9sidentiel au bois comme la principale source d\u2019\u00e9mission de <a href=\"https:\/\/www.be.com\/actualites\/_wp_link_placeholder\" data-wplink-edit=\"true\" target=\"_blank\" rel=\"noopener\">particules fines<\/a> en France, repr\u00e9sentant environ 43 % des \u00e9missions de PM2,5 sur le territoire. Ces microparticules, invisibles \u00e0 l\u2019\u0153il nu, p\u00e9n\u00e8trent pr0ofond\u00e9ment dans les poumons, augmentant ainsi le risque de maladies respiratoires.<\/p>\n<p>Pourquoi les femmes sont-elles plus vuln\u00e9rables face aux polluants \u00e9mis par le chauffage au bois ?<\/p>\n<p>Dans le d\u00e9tail, une \u00e9tude men\u00e9e par Sister Study, rapport\u00e9e par <a href=\"https:\/\/www.futura-sciences.com\/sante\/questions-reponses\/cancer-poumon-cancer-poumon-ce-chauffage-ecolo-tres-repandu-inquiete-plus-plus-scientifiques-c7g3-23956\/\" target=\"_blank\" rel=\"noopener\">Futura-sciences<\/a>, sur une population de 50 000 femmes am\u00e9ricaines, a r\u00e9v\u00e9l\u00e9 que l\u2019exposition au chauffage au bois est directement li\u00e9e \u00e0 un risque accru de <strong>cancer du poumon<\/strong> et de maladies pulmonaires chroniques. Les r\u00e9sultats, publi\u00e9s dans <a href=\"https:\/\/www.sciencedirect.com\/science\/article\/pii\/S0160412023004014?via%3Dihub\" target=\"_blank\" rel=\"noopener\">Environment International en 2023<\/a>, ont montr\u00e9 que les femmes expos\u00e9es r\u00e9guli\u00e8rement \u00e0 ce type de chauffage courent un risque accru de 43 % de d\u00e9velopper des <strong>pathologies respiratoires graves<\/strong>, un chiffre qui grimpe \u00e0 68 % chez celles qui utilisent ce mode de chauffage plus de 30 jours par an.<\/p>\n<p>L\u2019\u00e9tude met en \u00e9vidence une<strong> vuln\u00e9rabilit\u00e9 particuli\u00e8re chez les femmes<\/strong>. Elles sont expos\u00e9es \u00e0 un risque plus \u00e9lev\u00e9 de maladie respiratoire en raison de leur pr\u00e9sence prolong\u00e9e \u00e0 domicile. En moyenne,<strong> les femmes passent plus de temps \u00e0 la maison que les hommes<\/strong>, ce qui augmente leur exposition aux polluants de l\u2019air int\u00e9rieur. De plus, des facteurs anatomiques, tels que des voies respiratoires plus \u00e9troites, contribuent \u00e0 une plus grande sensibilit\u00e9 aux particules fines. L\u2019<a href=\"https:\/\/www.who.int\/fr\/news-room\/fact-sheets\/detail\/household-air-pollution-and-health\" target=\"_blank\" rel=\"noopener\">Organisation mondiale de la Sant\u00e9<\/a> classe d\u00e9sormais la pollution de l\u2019air int\u00e9rieur parmi les dix premi\u00e8res causes de mortalit\u00e9 mondiale.<\/p>\n<p>Quelles sont les mesures de pr\u00e9vention pour r\u00e9duire les risques de maladies pulmonaires li\u00e9s au chauffage au bois ?<\/p>\n<p>Bien que l\u2019abandon total du chauffage au bois puisse sembler difficile, des mesures peuvent \u00eatre prises pour r\u00e9duire les risques sanitaires associ\u00e9s. Parmi les recommandations des experts, il est conseill\u00e9 de <strong>ventiler le logement quotidiennement<\/strong> pendant au moins 10 minutes, matin et soir.<\/p>\n<p>De m\u00eame, ils pr\u00e9conisent d\u2019effectuer un ramonage biannuel des installation, ainsi que de choisir des \u00e9quipements de chauffage labellis\u00e9s Flamme Verte, garantissant une moindre \u00e9mission de polluants. Aussi, l\u2019usigae du bois sec, non trait\u00e9, avec un taux d\u2019humidit\u00e9 inf\u00e9rieur \u00e0 20 % est \u00e0 privil\u00e9gier. Enfin, il est recommander de<strong> limiter l\u2019utilisation du chauffage<\/strong> au bois en combinant diff\u00e9rentes sources de chaleur.<\/p>\n<p>L\u2019Agence nationale de l\u2019habitat (ANAH) propose \u00e9galement des aides financi\u00e8res pour <strong>remplacer les syst\u00e8mes de chauffage polluants<\/strong> par des alternatives moins nocives, comme les po\u00eales \u00e0 granul\u00e9s ou les pompes \u00e0 chaleur. Ces dispositifs sont con\u00e7us pour r\u00e9duire les \u00e9missions de polluants tout en conservant une efficacit\u00e9 \u00e9nerg\u00e9tique optimale.<\/p>\n<blockquote class=\"tiktok-embed\" cite=\"https:\/\/www.tiktok.com\/@bynewsly\/video\/7563342521150065953\" data-video-id=\"7563342521150065953\" data-embed-from=\"oembed\" style=\"max-width:605px; min-width:325px;\"><p>  <a target=\"_blank\" title=\"@bynewsly\" href=\"https:\/\/www.tiktok.com\/@bynewsly?refer=embed\" rel=\"noopener\">@bynewsly<\/a> <\/p>\n<p>\ud83d\udd25 Attention ! Votre chauffage pourrait vous mettre en danger ! \ud83d\udea8 L\u2019ONF tire la sonnette d\u2019alarme : les r\u00e9sineux sont \u00e0 \u00e9viter. Ils encrassent vos conduits. Un ramonage fr\u00e9quent est indispensable. Privil\u00e9giez le ch\u00eane pour un rendement optimal. Votre s\u00e9curit\u00e9 d\u2019abord ! Et si on d\u00e9couvrait ces dangers avant qu\u2019il ne soit trop tard ? Article complet \ud83d\udc49 https:\/\/newsly.fr\/2025\/10\/05\/ce-bois-met-nos-foyers-en-danger-lonf-alerte-sur-une-essence-interdite-et-pourtant-encore-utilisee-pour-le-chauffage-domestique\/ \ud83c\udfaf Pourquoi c\u2019est important : \u2022 Protection de votre foyer contre les incendies \u2022 Am\u00e9lioration de l\u2019efficacit\u00e9 \u00e9nerg\u00e9tique \u2022 Pr\u00e9servation de l\u2019environnement \ud83d\udfe2 Vous avez aim\u00e9 la vid\u00e9o ? \ud83d\udd14 Abonnez-vous pour des insights hebdomadaires \ud83d\udc4d Aimez &amp; Partagez pour sensibiliser <a title=\"chauffages\u00fbr\" target=\"_blank\" href=\"https:\/\/www.tiktok.com\/tag\/chauffages%C3%BBr?refer=embed\" rel=\"noopener\">#ChauffageS\u00fbr<\/a> <a title=\"s\u00e9curit\u00e9incendie\" target=\"_blank\" href=\"https:\/\/www.tiktok.com\/tag\/s%C3%A9curit%C3%A9incendie?refer=embed\" rel=\"noopener\">#S\u00e9curit\u00e9Incendie<\/a> <a title=\"efficacit\u00e9\u00e9nerg\u00e9tique\" target=\"_blank\" href=\"https:\/\/www.tiktok.com\/tag\/efficacit%C3%A9%C3%A9nerg%C3%A9tique?refer=embed\" rel=\"noopener\">#Efficacit\u00e9\u00c9nerg\u00e9tique<\/a> <a title=\"environnement\" target=\"_blank\" href=\"https:\/\/www.tiktok.com\/tag\/environnement?refer=embed\" rel=\"noopener\">#Environnement<\/a> <a title=\"onf\" target=\"_blank\" href=\"https:\/\/www.tiktok.com\/tag\/onf?refer=embed\" rel=\"noopener\">#Onf<\/a> <a title=\"r\u00e9sineux\" target=\"_blank\" href=\"https:\/\/www.tiktok.com\/tag\/r%C3%A9sineux?refer=embed\" rel=\"noopener\">#R\u00e9sineux<\/a> <a title=\"boisdechauffage\" target=\"_blank\" href=\"https:\/\/www.tiktok.com\/tag\/boisdechauffage?refer=embed\" rel=\"noopener\">#BoisDeChauffage<\/a> <a title=\"pr\u00e9vention\" target=\"_blank\" href=\"https:\/\/www.tiktok.com\/tag\/pr%C3%A9vention?refer=embed\" rel=\"noopener\">#Pr\u00e9vention<\/a><\/p>\n<p> <a target=\"_blank\" title=\"\u266c son original - newsly - newsly\" href=\"https:\/\/www.tiktok.com\/music\/son-original-newsly-7563342573838846753?refer=embed\" rel=\"noopener\">\u266c son original \u2013 newsly \u2013 newsly<\/a>  <\/p><\/blockquote>\n<p><script async src=\"\/\/www.tiktok.com\/embed.js\"><\/script><\/p>\n","protected":false},"excerpt":{"rendered":"Appr\u00e9ci\u00e9e pour son c\u00f4t\u00e9 \u00e9cologique et \u00e9conomique, le chauffage au bois devient le syst\u00e8me de chauffe de pr\u00e9dilection&hellip;\n","protected":false},"author":2,"featured_media":621454,"comment_status":"","ping_status":"","sticky":false,"template":"","format":"standard","meta":{"footnotes":""},"categories":[10],"tags":[1011,27,72,71],"class_list":{"0":"post-621453","1":"post","2":"type-post","3":"status-publish","4":"format-standard","5":"has-post-thumbnail","7":"category-sante","8":"tag-fr","9":"tag-france","10":"tag-health","11":"tag-sante"},"share_on_mastodon":{"url":"https:\/\/pubeurope.com\/@fr\/115779958578750263","error":""},"_links":{"self":[{"href":"https:\/\/www.europesays.com\/fr\/wp-json\/wp\/v2\/posts\/621453","targetHints":{"allow":["GET"]}}],"collection":[{"href":"https:\/\/www.europesays.com\/fr\/wp-json\/wp\/v2\/posts"}],"about":[{"href":"https:\/\/www.europesays.com\/fr\/wp-json\/wp\/v2\/types\/post"}],"author":[{"embeddable":true,"href":"https:\/\/www.europesays.com\/fr\/wp-json\/wp\/v2\/users\/2"}],"replies":[{"embeddable":true,"href":"https:\/\/www.europesays.com\/fr\/wp-json\/wp\/v2\/comments?post=621453"}],"version-history":[{"count":0,"href":"https:\/\/www.europesays.com\/fr\/wp-json\/wp\/v2\/posts\/621453\/revisions"}],"wp:featuredmedia":[{"embeddable":true,"href":"https:\/\/www.europesays.com\/fr\/wp-json\/wp\/v2\/media\/621454"}],"wp:attachment":[{"href":"https:\/\/www.europesays.com\/fr\/wp-json\/wp\/v2\/media?parent=621453"}],"wp:term":[{"taxonomy":"category","embeddable":true,"href":"https:\/\/www.europesays.com\/fr\/wp-json\/wp\/v2\/categories?post=621453"},{"taxonomy":"post_tag","embeddable":true,"href":"https:\/\/www.europesays.com\/fr\/wp-json\/wp\/v2\/tags?post=621453"}],"curies":[{"name":"wp","href":"https:\/\/api.w.org\/{rel}","templated":true}]}}