{"id":621457,"date":"2025-12-25T11:26:12","date_gmt":"2025-12-25T11:26:12","guid":{"rendered":"https:\/\/www.europesays.com\/fr\/621457\/"},"modified":"2025-12-25T11:26:12","modified_gmt":"2025-12-25T11:26:12","slug":"le-comedien-olivier-lejeune-publie-une-photo-insensee-avant-une-operation-cruciale","status":"publish","type":"post","link":"https:\/\/www.europesays.com\/fr\/621457\/","title":{"rendered":"Le com\u00e9dien Olivier Lejeune publie une photo \u00ab insens\u00e9e \u00bb avant une op\u00e9ration cruciale"},"content":{"rendered":"<p>                    Par<br \/>\n        <strong><br \/>\n            <a href=\"https:\/\/actu.fr\/auteur\/frederic-prot\" title=\"Consulter tous les articles de Fr\u00e9d\u00e9ric Prot\" target=\"_blank\" rel=\"noopener\">Fr\u00e9d\u00e9ric Prot<\/a><br \/>\n                    <\/strong><\/p>\n<p>        Publi\u00e9 le<\/p>\n<p>            25 d\u00e9c. 2025 \u00e0 9h30        <\/p>\n<p>Mardi 23\u00a0d\u00e9cembre 2025, Olivier Lejeune a publi\u00e9 un nouveau post Facebook apr\u00e8s 15\u00a0jours pass\u00e9s \u00e0 la clinique Hartmann \u00e0 Neuilly (Hauts-de-Seine) pour une op\u00e9ration du cancer du larynx avec laryngectomie et trach\u00e9otomie.<\/p>\n<p>\u00ab\u2009Un moment incroyable\u2009\u00bb<\/p>\n<p class=\" wall-content\">\u00ab\u2009Il y aurait beaucoup \u00e0 dire\u2026 mais je le dirai\u2009!\u2009\u00bb, promet le com\u00e9dien, tr\u00e8s attach\u00e9 \u00e0 la r\u00e9gion de <a href=\"https:\/\/actu.fr\/pays-de-la-loire\/la-baule-escoublac_44055\" target=\"_blank\" rel=\"noopener\">La Baule<\/a> et de <a href=\"https:\/\/actu.fr\/pays-de-la-loire\/guerande_44069\" target=\"_blank\" rel=\"noopener\">Gu\u00e9rande<\/a> o\u00f9 il a une maison depuis plus de 30\u00a0ans.<\/p>\n<p class=\" wall-content\">Avec son post, il d\u00e9sirait \u00ab\u2009seulement remercier\u2009\u00bb toutes les personnes\u00a0qui lui ont adress\u00e9 des messages. Des milliers \u00ab\u2009dont certains sont des anthologies.\u2009\u00bb<\/p>\n<p class=\" wall-content\">\u00ab\u2009Vous \u00eates mon premier m\u00e9dicament. Une telle dose de compassion, voire d\u2019amour\u2026 \u00e7a dope\u2009!\u2009\u00bb, \u00e9crit l\u2019auteur de Tout bascule<\/p>\n<blockquote class=\"ac-article-quote wall-content\">\n<p>\u00ab\u2009Je ressors bien fatigu\u00e9, mais avec un optimisme \u00e0 toute \u00e9preuve.\u2009\u00bb<\/p>\n<\/blockquote>\n<p>Vid\u00e9os : en ce moment sur Actu<\/p>\n<p class=\" wall-content\">\u00ab\u2009Une nouvelle vie, plus compliqu\u00e9e certes, mais active et pr\u00e9sente. Sans la m\u00e9decine, je ne serais plus l\u00e0. Donc que du bonus\u2009!!!\u00bb, s\u2019exclame l\u2019ancien \u00e9l\u00e8ve de La classe sur France 3, qui publie sa photo \u00ab\u2009la plus insens\u00e9e\u2009\u00bb\u2009:<\/p>\n<blockquote class=\"ac-article-quote wall-content\">\n<p>\u00ab\u200930 secondes avant l\u2019anesth\u00e9sie g\u00e9n\u00e9rale de l\u2019op\u00e9ration qui allait me sauver la vie, j\u2019\u00e9tais tellement heureux d\u2019\u00eatre dans de si bonnes mains, que j\u2019ai demand\u00e9 \u00e0 immortaliser ce moment incroyable. Ce qui ne se fait jamais.\u2009\u00bb<\/p>\n<\/blockquote>\n<p>Votre r\u00e9gion, votre actu !<\/p>\n<p>Recevez chaque jour les infos qui comptent pour vous.<\/p>\n<p>\t<a href=\"https:\/\/actu.fr\/newsletter\" class=\"ac-btn ac-btn--corner ac-btn--medium ac-btn--blue800\" target=\"_blank\" rel=\"noopener\">S&rsquo;incrire<\/a><\/p>\n<p class=\" wall-content\">\u00ab\u2009\u00c0 droite son chirurgien, le professeur Fr\u00e9d\u00e9ric Chabolle, virtuose r\u00e9put\u00e9, qui m\u2019a d\u00e9j\u00e0 sauv\u00e9 il y a 8\u00a0ans d\u2019un cancer des amygdales\u2026 et \u00e0 gauche, un g\u00e9nie de la voix, le maestro Jean Abitbol, pionnier de la chirurgie au laser, qui a sauv\u00e9 un nombre incalculable d\u2019artistes. Les deux f\u00e9es qui se sont pench\u00e9es sur mon berceau\u2009\u00bb, relate Olivier Lejeune.<\/p>\n<p class=\" wall-content\">Personnalisez votre actualit\u00e9 en ajoutant vos villes et m\u00e9dias en favori avec <a href=\"https:\/\/moncompte.actu.fr\" title=\"D\u00e9couvez Mon Actu\" rel=\"nofollow noopener\" data-trk=\"{&quot;cta&quot;:{&quot;action&quot;:&quot;https:\\\/\\\/moncompte.actu.fr&quot;,&quot;category&quot;:&quot;mon compte&quot;,&quot;from&quot;:&quot;article footer&quot;,&quot;name&quot;:&quot;Mon actu&quot;,&quot;type&quot;:&quot;cta&quot;}}\" target=\"_blank\">Mon Actu<\/a>.<\/p>\n","protected":false},"excerpt":{"rendered":"Par Fr\u00e9d\u00e9ric Prot Publi\u00e9 le 25 d\u00e9c. 2025 \u00e0 9h30 Mardi 23\u00a0d\u00e9cembre 2025, Olivier Lejeune a publi\u00e9 un&hellip;\n","protected":false},"author":2,"featured_media":621458,"comment_status":"","ping_status":"","sticky":false,"template":"","format":"standard","meta":{"footnotes":""},"categories":[8],"tags":[58,59,1011,27,708,1757,71,104],"class_list":{"0":"post-621457","1":"post","2":"type-post","3":"status-publish","4":"format-standard","5":"has-post-thumbnail","7":"category-divertissement","8":"tag-divertissement","9":"tag-entertainment","10":"tag-fr","11":"tag-france","12":"tag-humour","13":"tag-insolite","14":"tag-sante","15":"tag-societe"},"share_on_mastodon":{"url":"https:\/\/pubeurope.com\/@fr\/115779966371012337","error":""},"_links":{"self":[{"href":"https:\/\/www.europesays.com\/fr\/wp-json\/wp\/v2\/posts\/621457","targetHints":{"allow":["GET"]}}],"collection":[{"href":"https:\/\/www.europesays.com\/fr\/wp-json\/wp\/v2\/posts"}],"about":[{"href":"https:\/\/www.europesays.com\/fr\/wp-json\/wp\/v2\/types\/post"}],"author":[{"embeddable":true,"href":"https:\/\/www.europesays.com\/fr\/wp-json\/wp\/v2\/users\/2"}],"replies":[{"embeddable":true,"href":"https:\/\/www.europesays.com\/fr\/wp-json\/wp\/v2\/comments?post=621457"}],"version-history":[{"count":0,"href":"https:\/\/www.europesays.com\/fr\/wp-json\/wp\/v2\/posts\/621457\/revisions"}],"wp:featuredmedia":[{"embeddable":true,"href":"https:\/\/www.europesays.com\/fr\/wp-json\/wp\/v2\/media\/621458"}],"wp:attachment":[{"href":"https:\/\/www.europesays.com\/fr\/wp-json\/wp\/v2\/media?parent=621457"}],"wp:term":[{"taxonomy":"category","embeddable":true,"href":"https:\/\/www.europesays.com\/fr\/wp-json\/wp\/v2\/categories?post=621457"},{"taxonomy":"post_tag","embeddable":true,"href":"https:\/\/www.europesays.com\/fr\/wp-json\/wp\/v2\/tags?post=621457"}],"curies":[{"name":"wp","href":"https:\/\/api.w.org\/{rel}","templated":true}]}}