{"id":621465,"date":"2025-12-25T11:30:15","date_gmt":"2025-12-25T11:30:15","guid":{"rendered":"https:\/\/www.europesays.com\/fr\/621465\/"},"modified":"2025-12-25T11:30:15","modified_gmt":"2025-12-25T11:30:15","slug":"une-femme-retrouvee-morte-et-denudee-dans-la-cour-interieure-dun-immeuble","status":"publish","type":"post","link":"https:\/\/www.europesays.com\/fr\/621465\/","title":{"rendered":"Une femme retrouv\u00e9e morte et d\u00e9nud\u00e9e dans la cour int\u00e9rieure d\u2019un immeuble"},"content":{"rendered":"<p>Le corps d\u2019une femme a \u00e9t\u00e9 d\u00e9couvert mercredi matin dans la cour int\u00e9rieure d\u2019un <a href=\"https:\/\/www.20minutes.fr\/dossier\/immeuble\" class=\"c-link c-link--is-underlined\" target=\"_blank\" rel=\"noopener\">immeuble<\/a> du 18e\u00a0arrondissement de <a href=\"https:\/\/www.20minutes.fr\/paris\/\" class=\"c-link c-link--is-underlined\" target=\"_blank\" rel=\"noopener\">Paris<\/a>, a-t-on appris jeudi de source polici\u00e8re.<\/p>\n<p>La victime \u00e9tait en partie d\u00e9v\u00eatue, a pr\u00e9cis\u00e9 cette source. Une autre femme, locataire d\u2019un appartement au 5e \u00e9tage de cet immeuble, a expliqu\u00e9 aux policiers avoir rencontr\u00e9 la veille un homme et une femme pr\u00e8s de la <a href=\"https:\/\/www.20minutes.fr\/dossier\/gare_saint_lazare-1\" class=\"c-link c-link--is-underlined\" target=\"_blank\" rel=\"noopener\">gare Saint-Lazare<\/a> et les avoir invit\u00e9s chez elle, a relat\u00e9 la source polici\u00e8re.<\/p>\n<p>Alcool et drogue consomm\u00e9s<\/p>\n<p>Elle a \u00e9galement racont\u00e9 de mani\u00e8re confuse avoir consomm\u00e9 avec eux de l\u2019alcool et de la drogue, du LSD, dans la nuit, a-t-on poursuivi de m\u00eame source. C\u2019est au moment o\u00f9 l\u2019homme a quitt\u00e9 son appartement vers 8h20 que le corps de la victime a \u00e9t\u00e9 d\u00e9couvert dans la cour int\u00e9rieure de l\u2019immeuble, selon la source polici\u00e8re.<\/p>\n<\/p>\n<p>Dans la nuit, vers 02h00, la police avait re\u00e7u un appel leur signalant des hurlements de <a href=\"https:\/\/www.20minutes.fr\/dossier\/femme\" class=\"c-link c-link--is-underlined\" target=\"_blank\" rel=\"noopener\">femme<\/a> dans cet immeuble. Des policiers s\u2019\u00e9taient rendus sur place mais n\u2019avaient pas pu identifier d\u2019o\u00f9 avaient pu provenir les cris. L\u2019enqu\u00eate a \u00e9t\u00e9 confi\u00e9e au <a href=\"https:\/\/www.20minutes.fr\/dossier\/commissariat\" class=\"c-link c-link--is-underlined\" target=\"_blank\" rel=\"noopener\">commissariat<\/a> du 18e\u00a0arrondissement.<\/p>\n","protected":false},"excerpt":{"rendered":"Le corps d\u2019une femme a \u00e9t\u00e9 d\u00e9couvert mercredi matin dans la cour int\u00e9rieure d\u2019un immeuble du 18e\u00a0arrondissement de&hellip;\n","protected":false},"author":2,"featured_media":621466,"comment_status":"","ping_status":"","sticky":false,"template":"","format":"standard","meta":{"footnotes":""},"categories":[4],"tags":[11,14367,1011,27,13666,662,12,15830,293,626,25,104],"class_list":{"0":"post-621465","1":"post","2":"type-post","3":"status-publish","4":"format-standard","5":"has-post-thumbnail","7":"category-france","8":"tag-actualites","9":"tag-commissariat","10":"tag-fr","11":"tag-france","12":"tag-gare-saint-lazare","13":"tag-ile-de-france","14":"tag-news","15":"tag-noel","16":"tag-nuit","17":"tag-paris","18":"tag-republique-francaise","19":"tag-societe"},"share_on_mastodon":{"url":"https:\/\/pubeurope.com\/@fr\/115779982196493998","error":""},"_links":{"self":[{"href":"https:\/\/www.europesays.com\/fr\/wp-json\/wp\/v2\/posts\/621465","targetHints":{"allow":["GET"]}}],"collection":[{"href":"https:\/\/www.europesays.com\/fr\/wp-json\/wp\/v2\/posts"}],"about":[{"href":"https:\/\/www.europesays.com\/fr\/wp-json\/wp\/v2\/types\/post"}],"author":[{"embeddable":true,"href":"https:\/\/www.europesays.com\/fr\/wp-json\/wp\/v2\/users\/2"}],"replies":[{"embeddable":true,"href":"https:\/\/www.europesays.com\/fr\/wp-json\/wp\/v2\/comments?post=621465"}],"version-history":[{"count":0,"href":"https:\/\/www.europesays.com\/fr\/wp-json\/wp\/v2\/posts\/621465\/revisions"}],"wp:featuredmedia":[{"embeddable":true,"href":"https:\/\/www.europesays.com\/fr\/wp-json\/wp\/v2\/media\/621466"}],"wp:attachment":[{"href":"https:\/\/www.europesays.com\/fr\/wp-json\/wp\/v2\/media?parent=621465"}],"wp:term":[{"taxonomy":"category","embeddable":true,"href":"https:\/\/www.europesays.com\/fr\/wp-json\/wp\/v2\/categories?post=621465"},{"taxonomy":"post_tag","embeddable":true,"href":"https:\/\/www.europesays.com\/fr\/wp-json\/wp\/v2\/tags?post=621465"}],"curies":[{"name":"wp","href":"https:\/\/api.w.org\/{rel}","templated":true}]}}