{"id":621471,"date":"2025-12-25T11:36:23","date_gmt":"2025-12-25T11:36:23","guid":{"rendered":"https:\/\/www.europesays.com\/fr\/621471\/"},"modified":"2025-12-25T11:36:23","modified_gmt":"2025-12-25T11:36:23","slug":"nancy-place-de-la-carriere-premiere-annee-pour-le-village-du-gouverneur-et-deja-un-succes","status":"publish","type":"post","link":"https:\/\/www.europesays.com\/fr\/621471\/","title":{"rendered":"Nancy. Place de la Carri\u00e8re, premi\u00e8re ann\u00e9e pour le Village du Gouverneur et d\u00e9j\u00e0 un succ\u00e8s"},"content":{"rendered":"<p>\u00ab\u00a0La nouveaut\u00e9 int\u00e9resse toujours\u00a0\u00bb, l\u00e2che un commer\u00e7ant du Village du Gouverneur.<\/p>\n<p>Dernier arriv\u00e9 parmi <a href=\"https:\/\/www.estrepublicain.fr\/culture-loisirs\/2022\/11\/07\/fetes-de-la-saint-nicolas-dates-defile-marches-toutes-les-infos-a-savoir\" target=\"_blank\" rel=\"noopener\">les Villages de la Saint-Nicolas<\/a> , celui du Gouverneur r\u00e9pond \u00e0 un appel \u00e0 projet men\u00e9 par la municipalit\u00e9 de Nancy. \u00ab\u00a0Il y avait la volont\u00e9 d\u2019animer la place de la Carri\u00e8re\u00a0\u00bb, souligne Thomas Souverain, adjoint au maire de Nancy, d\u00e9l\u00e9gu\u00e9 aux grands \u00e9v\u00e9nements.<\/p>\n<p>L\u2019exploitant du march\u00e9 avait \u00e9t\u00e9 choisi pour sa proposition de chalets aux couleurs typiques des grilles Jean Lamour, qui respecte le cadre patrimonial, crit\u00e8re exig\u00e9 par l\u2019appel d\u2019offres. Ainsi que pour son choix de restaurateurs locaux. Sollicit\u00e9, Jean-S\u00e9bastien Bertran, porteur du projet n\u2019a pas souhait\u00e9 s\u2019exprimer.<\/p>\n<p>  La convivialit\u00e9 au rendez-vous<\/p>\n<p>Depuis le 21\u00a0novembre, ce petit march\u00e9 situ\u00e9 au pied du palais du gouvernement \u00ab\u00a0est un vrai succ\u00e8s\u00a0\u00bb. <a href=\"https:\/\/www.estrepublicain.fr\/culture-loisirs\/2025\/11\/09\/ecolo-le-nico\" target=\"_blank\" rel=\"noopener\">Gr\u00e2ce \u00e0 sa proximit\u00e9 avec la patinoire<\/a> et la grande roue, le passage des visiteurs y est constant.<\/p>\n<p>C\u00f4t\u00e9 restauration, Marjolaine Hollner et Paul Blin, deux amis et anciens coll\u00e8gues, se sont r\u00e9unis autour d\u2019un concept \u00e9ph\u00e9m\u00e8re pour l\u2019occasion. Ils y proposent des sp\u00e9cialit\u00e9s culinaires montagnardes. \u00ab\u00a0Entre restaurateurs, on se fait go\u00fbter nos sp\u00e9cialit\u00e9s, on papote, on boit un verre\u00a0\u00bb, racontent-ils, illustrant l\u2019esprit convivial qui r\u00e8gne entre les exposants.<\/p>\n<p>\u00c0 l\u2019heure du d\u00e9jeuner, cinq coll\u00e8gues se retrouvent pour prendre un verre de vin blanc et des escargots\u00a0: \u00ab\u00a0L\u2019essentiel est de passer un moment festif ensemble.\u00a0\u00bb<\/p>\n<p>\u00c0 quelques tables de l\u00e0, deux amies se sont donn\u00e9 rendez-vous \u00ab\u00a0juste pour le repas.\u00a0\u00bb Leur choix s\u2019est port\u00e9 exclusivement sur le Village du Gouverneur pour son offre culinaire \u00ab\u00a0diversifi\u00e9e et moins conventionnelle\u00a0\u00bb\u00a0: une focaccia \u00e0 la cr\u00e8me de truffe et \u00e0 la mozzarella pour l\u2019une, une autre aux figues, noix et gorgonzola. Toutes deux appr\u00e9cient \u00e9galement l\u2019espace central, chaleureux et propice aux bavardages.<\/p>\n<p>  De nouvelles ambitions pour ce village<\/p>\n<p>Si le march\u00e9 est anim\u00e9 tout au long de la journ\u00e9e, l\u2019affluence est particuli\u00e8rement marqu\u00e9e en soir\u00e9e. Les familles viennent y savourer un verre de vin chaud, pendant que leurs enfants s\u2019amusent \u00e0 la patinoire, avant de se retrouver pour une collation autour des tonneaux et des tables en bois.<\/p>\n<p>Cette atmosph\u00e8re festive devrait se poursuivre jusqu\u2019au 4\u00a0janvier, date \u00e0 laquelle les chalets quitteront la place. Avant de revenir l\u2019ann\u00e9e prochaine, avec \u00ab\u00a0l\u2019ambition d\u2019investir un autre espace, davantage d\u00e9di\u00e9 aux artisans\u00a0\u00bb, confie Thomas Souverain\u00a0: celui situ\u00e9 entre la patinoire et la grande roue.<\/p>\n","protected":false},"excerpt":{"rendered":"\u00ab\u00a0La nouveaut\u00e9 int\u00e9resse toujours\u00a0\u00bb, l\u00e2che un commer\u00e7ant du Village du Gouverneur. Dernier arriv\u00e9 parmi les Villages de la&hellip;\n","protected":false},"author":2,"featured_media":621472,"comment_status":"","ping_status":"","sticky":false,"template":"","format":"standard","meta":{"footnotes":""},"categories":[9635],"tags":[1111,11,4406,33,1704,1777,674,1011,27,775,1702,1703,12,25,104],"class_list":{"0":"post-621471","1":"post","2":"type-post","3":"status-publish","4":"format-standard","5":"has-post-thumbnail","7":"category-nancy","8":"tag-actu","9":"tag-actualites","10":"tag-commerce-et-services","11":"tag-economie","12":"tag-edition-nancy-et-agglomeration","13":"tag-eu","14":"tag-europe","15":"tag-fr","16":"tag-france","17":"tag-grand-est","18":"tag-nancy","19":"tag-nancy-ville-54b","20":"tag-news","21":"tag-republique-francaise","22":"tag-societe"},"share_on_mastodon":{"url":"https:\/\/pubeurope.com\/@fr\/115780005744722120","error":""},"_links":{"self":[{"href":"https:\/\/www.europesays.com\/fr\/wp-json\/wp\/v2\/posts\/621471","targetHints":{"allow":["GET"]}}],"collection":[{"href":"https:\/\/www.europesays.com\/fr\/wp-json\/wp\/v2\/posts"}],"about":[{"href":"https:\/\/www.europesays.com\/fr\/wp-json\/wp\/v2\/types\/post"}],"author":[{"embeddable":true,"href":"https:\/\/www.europesays.com\/fr\/wp-json\/wp\/v2\/users\/2"}],"replies":[{"embeddable":true,"href":"https:\/\/www.europesays.com\/fr\/wp-json\/wp\/v2\/comments?post=621471"}],"version-history":[{"count":0,"href":"https:\/\/www.europesays.com\/fr\/wp-json\/wp\/v2\/posts\/621471\/revisions"}],"wp:featuredmedia":[{"embeddable":true,"href":"https:\/\/www.europesays.com\/fr\/wp-json\/wp\/v2\/media\/621472"}],"wp:attachment":[{"href":"https:\/\/www.europesays.com\/fr\/wp-json\/wp\/v2\/media?parent=621471"}],"wp:term":[{"taxonomy":"category","embeddable":true,"href":"https:\/\/www.europesays.com\/fr\/wp-json\/wp\/v2\/categories?post=621471"},{"taxonomy":"post_tag","embeddable":true,"href":"https:\/\/www.europesays.com\/fr\/wp-json\/wp\/v2\/tags?post=621471"}],"curies":[{"name":"wp","href":"https:\/\/api.w.org\/{rel}","templated":true}]}}