{"id":621477,"date":"2025-12-25T11:40:18","date_gmt":"2025-12-25T11:40:18","guid":{"rendered":"https:\/\/www.europesays.com\/fr\/621477\/"},"modified":"2025-12-25T11:40:18","modified_gmt":"2025-12-25T11:40:18","slug":"les-pompiers-de-la-mosson-coup-de-projecteur-sur-ces-anges-gardiens-qui-veillent-pendant-que-la-ville-festoie","status":"publish","type":"post","link":"https:\/\/www.europesays.com\/fr\/621477\/","title":{"rendered":"Les pompiers de la Mosson\u00a0: coup de projecteur sur ces anges gardiens qui veillent pendant que la ville festoie"},"content":{"rendered":"<p>\n                                                                Alors que la majorit\u00e9 des Montpelli\u00e9rains f\u00eataient No\u00ebl en famille ce mercredi soir, les sapeurs-pompiers de la caserne Jean-Guizonnier, dans le quartier de La Paillade \u00e0 Montpellier, assuraient la permanence du r\u00e9veillon. Garde de 24\u00a0heures, organisation inchang\u00e9e et vigilance constante ont rythm\u00e9 la journ\u00e9e, marqu\u00e9e notamment par une intervention pour un d\u00e9part de fum\u00e9e sans gravit\u00e9.\n                            <\/p>\n<p>Pendant que la plupart des Montpelli\u00e9rains r\u00e9veillonnaient en famille ce mercredi\u00a0soir, d\u2019autres passaient la nuit de No\u00ebl loin de la table et des cadeaux. \u00c0 l\u2019instar des\u00a0sapeurs-pompiers de la caserne Jean-Guizonnier, implant\u00e9e dans le quartier de La Paillade, qui assuraient la permanence, comme chaque jour de l\u2019ann\u00e9e.<\/p>\n<p>Les urgences ne prennent pas de cong\u00e9s<\/p>\n<p>\u00ab\u00a0\u00c0 chaque garde, un sous-officier est affect\u00e9 au fonctionnement de la caserne pendant vingt-quatre heures. Il n\u2019y a rien de particulier pour le r\u00e9veillon de No\u00ebl et pour No\u00ebl, c\u2019est un fonctionnement courant\u00a0\u00bb, explique le sergent-chef Bouchti. La journ\u00e9e d\u00e9bute par le rassemblement \u00e0 7\u00a0h\u00a030, l\u2019appel de la garde et l\u2019affectation aux v\u00e9hicules. \u00ab\u00a0Ce fonctionnement peut \u00e9voluer \u00e0 tout moment selon les d\u00e9parts en intervention.\u00a0\u00bb<\/p>\n<p>Comme ce d\u00e9part de fum\u00e9e, survenu ce mercredi aux alentours de 14\u00a0heures, sur lequel quatorze des vingt-neuf personnels de garde ont \u00e9t\u00e9 engag\u00e9s. Une intervention parmi tant d\u2019autres, heureusement sans gravit\u00e9, qui rappelle que les urgences ne prennent pas de cong\u00e9s.<\/p>\n<blockquote>\n<p>Un P\u00e8re No\u00ebl coinc\u00e9 dans un conduit de chemin\u00e9e\u2026<\/p>\n<\/blockquote>\n<p>Apr\u00e8s le sport et un repas d\u2019\u00e9quipe l\u00e9g\u00e8rement am\u00e9lior\u00e9 pour l\u2019occasion, ponctu\u00e9 par quelques petits chocolats distribu\u00e9s par la premi\u00e8re adjointe V\u00e9ronique Brunet pour saluer l\u2019engagement des troupes, la vigilance est rest\u00e9e la m\u00eame toute la journ\u00e9e et toute la nuit. \u00ab\u00a0Si on compare le r\u00e9veillon \u00e0 un samedi soir de bo\u00eete de nuit, il n\u2019y a rien qui change. Au pire, un P\u00e8re No\u00ebl coinc\u00e9 dans un conduit de chemin\u00e9e\u2026 mais c\u2019est vraiment exceptionnel\u00a0\u00bb, sourit le sergent-chef.<\/p>\n<p>La garde \u00e9tant de vingt-quatre heures, la plupart f\u00eateront No\u00ebl en famille ce midi. Comme les soignants, les personnels d\u2019Ehpad, les policiers et bien d\u2019autres, ces femmes et ces hommes en uniforme passent les f\u00eates au travail, tels des anges gardiens discrets, qui veillent sur la population pendant que la ville dort ou festoie. Et on les en remercie.<\/p>\n","protected":false},"excerpt":{"rendered":"Alors que la majorit\u00e9 des Montpelli\u00e9rains f\u00eataient No\u00ebl en famille ce mercredi soir, les sapeurs-pompiers de la caserne&hellip;\n","protected":false},"author":2,"featured_media":621478,"comment_status":"","ping_status":"","sticky":false,"template":"","format":"standard","meta":{"footnotes":""},"categories":[9599],"tags":[1111,11,1777,674,1011,27,7089,2208,12,2680,25,7691],"class_list":{"0":"post-621477","1":"post","2":"type-post","3":"status-publish","4":"format-standard","5":"has-post-thumbnail","7":"category-montpellier","8":"tag-actu","9":"tag-actualites","10":"tag-eu","11":"tag-europe","12":"tag-fr","13":"tag-france","14":"tag-herault","15":"tag-montpellier","16":"tag-news","17":"tag-occitanie","18":"tag-republique-francaise","19":"tag-su00e9curitu00e9"},"share_on_mastodon":{"url":"https:\/\/pubeurope.com\/@fr\/115780021337530979","error":""},"_links":{"self":[{"href":"https:\/\/www.europesays.com\/fr\/wp-json\/wp\/v2\/posts\/621477","targetHints":{"allow":["GET"]}}],"collection":[{"href":"https:\/\/www.europesays.com\/fr\/wp-json\/wp\/v2\/posts"}],"about":[{"href":"https:\/\/www.europesays.com\/fr\/wp-json\/wp\/v2\/types\/post"}],"author":[{"embeddable":true,"href":"https:\/\/www.europesays.com\/fr\/wp-json\/wp\/v2\/users\/2"}],"replies":[{"embeddable":true,"href":"https:\/\/www.europesays.com\/fr\/wp-json\/wp\/v2\/comments?post=621477"}],"version-history":[{"count":0,"href":"https:\/\/www.europesays.com\/fr\/wp-json\/wp\/v2\/posts\/621477\/revisions"}],"wp:featuredmedia":[{"embeddable":true,"href":"https:\/\/www.europesays.com\/fr\/wp-json\/wp\/v2\/media\/621478"}],"wp:attachment":[{"href":"https:\/\/www.europesays.com\/fr\/wp-json\/wp\/v2\/media?parent=621477"}],"wp:term":[{"taxonomy":"category","embeddable":true,"href":"https:\/\/www.europesays.com\/fr\/wp-json\/wp\/v2\/categories?post=621477"},{"taxonomy":"post_tag","embeddable":true,"href":"https:\/\/www.europesays.com\/fr\/wp-json\/wp\/v2\/tags?post=621477"}],"curies":[{"name":"wp","href":"https:\/\/api.w.org\/{rel}","templated":true}]}}