{"id":621479,"date":"2025-12-25T11:42:19","date_gmt":"2025-12-25T11:42:19","guid":{"rendered":"https:\/\/www.europesays.com\/fr\/621479\/"},"modified":"2025-12-25T11:42:19","modified_gmt":"2025-12-25T11:42:19","slug":"le-chu-de-montpellier-recrute","status":"publish","type":"post","link":"https:\/\/www.europesays.com\/fr\/621479\/","title":{"rendered":"le CHU de Montpellier recrute"},"content":{"rendered":"<p>\n\t\t\t\t\t\t\t\t\t\u00a9 CHU de Montpellier. Le CHU de Montpellier r\u00e9compens\u00e9 par la Fondation patrimoine.\t\t\t\t\t\t\t\t<\/p>\n<p>\t\t\t\t\t<a data-no-instant=\"1\" href=\"https:\/\/www.nimes.fr\/que-faire-a-nimes\/evenements\/festivites-de-noel\" rel=\"noopener\" class=\"a2t-link\" aria-label=\"878691-image\" target=\"_blank\"><img decoding=\"async\" src=\"https:\/\/www.europesays.com\/fr\/wp-content\/uploads\/2025\/12\/878691-image.jpeg\" alt=\"\"  \/><\/a><\/p>\n<p>Le CHU de\u00a0<a href=\"https:\/\/infoccitanie.fr\/tag\/chu-de-montpellier\/\" target=\"_blank\" rel=\"noopener\">Montpellier\u00a0<\/a>(plus de 11 000 agents) propose en ce moment une quarantaine d\u2019emplois \u00e0 pourvoir sur <strong>son site internet<\/strong>. Parmi ces derniers (ouverts aux hommes et aux femmes) : ambulancier, assistant socio-\u00e9ducatif, assistant de direction, cadre de sant\u00e9, technicien de laboratoire, aide-soignant, ing\u00e9nieur hospitalier, masseur-kin\u00e9sith\u00e9rapeute, infirmier de bloc op\u00e9ratoire, interpr\u00e8te en langues des signes, assistant qualit\u00e9 gestion des risques, responsable fonction de restauration, acheteur senior, cadre administratif, neuropsychologue, etc. <strong>Pour postuler :\u00a0<a href=\"https:\/\/chu-montpellier.mstaff.co\/offers?page=3\" target=\"_blank\" rel=\"noopener\">cliquez ici.\u00a0<\/a><\/strong><\/p>\n","protected":false},"excerpt":{"rendered":"\u00a9 CHU de Montpellier. Le CHU de Montpellier r\u00e9compens\u00e9 par la Fondation patrimoine. Le CHU de\u00a0Montpellier\u00a0(plus de 11&hellip;\n","protected":false},"author":2,"featured_media":621480,"comment_status":"","ping_status":"","sticky":false,"template":"","format":"standard","meta":{"footnotes":""},"categories":[9599],"tags":[1111,11,15154,1777,674,1011,27,2208,12,2680,25],"class_list":{"0":"post-621479","1":"post","2":"type-post","3":"status-publish","4":"format-standard","5":"has-post-thumbnail","7":"category-montpellier","8":"tag-actu","9":"tag-actualites","10":"tag-chu-de-montpellier","11":"tag-eu","12":"tag-europe","13":"tag-fr","14":"tag-france","15":"tag-montpellier","16":"tag-news","17":"tag-occitanie","18":"tag-republique-francaise"},"share_on_mastodon":{"url":"https:\/\/pubeurope.com\/@fr\/115780030409863658","error":""},"_links":{"self":[{"href":"https:\/\/www.europesays.com\/fr\/wp-json\/wp\/v2\/posts\/621479","targetHints":{"allow":["GET"]}}],"collection":[{"href":"https:\/\/www.europesays.com\/fr\/wp-json\/wp\/v2\/posts"}],"about":[{"href":"https:\/\/www.europesays.com\/fr\/wp-json\/wp\/v2\/types\/post"}],"author":[{"embeddable":true,"href":"https:\/\/www.europesays.com\/fr\/wp-json\/wp\/v2\/users\/2"}],"replies":[{"embeddable":true,"href":"https:\/\/www.europesays.com\/fr\/wp-json\/wp\/v2\/comments?post=621479"}],"version-history":[{"count":0,"href":"https:\/\/www.europesays.com\/fr\/wp-json\/wp\/v2\/posts\/621479\/revisions"}],"wp:featuredmedia":[{"embeddable":true,"href":"https:\/\/www.europesays.com\/fr\/wp-json\/wp\/v2\/media\/621480"}],"wp:attachment":[{"href":"https:\/\/www.europesays.com\/fr\/wp-json\/wp\/v2\/media?parent=621479"}],"wp:term":[{"taxonomy":"category","embeddable":true,"href":"https:\/\/www.europesays.com\/fr\/wp-json\/wp\/v2\/categories?post=621479"},{"taxonomy":"post_tag","embeddable":true,"href":"https:\/\/www.europesays.com\/fr\/wp-json\/wp\/v2\/tags?post=621479"}],"curies":[{"name":"wp","href":"https:\/\/api.w.org\/{rel}","templated":true}]}}