{"id":621486,"date":"2025-12-25T11:54:20","date_gmt":"2025-12-25T11:54:20","guid":{"rendered":"https:\/\/www.europesays.com\/fr\/621486\/"},"modified":"2025-12-25T11:54:20","modified_gmt":"2025-12-25T11:54:20","slug":"rennes-a-revetu-ses-habits-de-noel","status":"publish","type":"post","link":"https:\/\/www.europesays.com\/fr\/621486\/","title":{"rendered":"Rennes a rev\u00eatu ses habits de No\u00ebl"},"content":{"rendered":"<p>Les petits et les grands enfants en avaient r\u00eav\u00e9. Ce jeudi 25 d\u00e9cembre, les Rennais se sont r\u00e9veill\u00e9s dans une ville envelopp\u00e9e par un fin manteau neigeux.<\/p>\n<p>Il \u00e9tait aux alentours de trois heures du matin cette nuit quand quelques flocons sont tomb\u00e9s. Assez pour recouvrir les toits et les espaces verts. Une timide couche de neige qui n\u2019a pas tenu au sol. Au lever du jour, quelques rares passants matinaux admiraient ce spectacle de No\u00ebl. D\u00e9serte, la ville a rev\u00eatu ses habits d\u00a0hiver.<br \/>Dans les alentours de Rennes aussi, une fine couche de neige a recouvert rues et jardins.<\/p>\n<p><img decoding=\"async\" src=\"https:\/\/www.europesays.com\/fr\/wp-content\/uploads\/2025\/12\/694d16581b5500fa880cc264.1.jpeg\" width=\"480\" height=\"300\" class=\"web_golden_m\" loading=\"lazy\" alt=\"Une fine couche de neige \u00e0 Guichen ce jeudi 25 d\u00e9cembre.\"\/>Une fine couche de neige \u00e0 Guichen ce jeudi 25 d\u00e9cembre. (Le T\u00e9l\u00e9gramme \/ Romain Leroux)<\/p>\n<p>La m\u00e9t\u00e9o pour ce jeudi apr\u00e8s-midi pr\u00e9voit une \u00e9volution des conditions m\u00e9t\u00e9orologiques. Le ciel couvert devrait s\u2019\u00e9claircir \u00e0 partir de 14 h. Les temp\u00e9ratures augmenteront l\u00e9g\u00e8rement, passant de 1 \u00b0C \u00e0 3 \u00b0C. En soir\u00e9e, la temp\u00e9rature \u00e0 Rennes passera de 3 \u00b0C \u00e0 1 \u00b0C. Dans la nuit, cette derni\u00e8re descendra progressivement \u00e0 -1 \u00b0C. <\/p>\n<p><img decoding=\"async\" src=\"https:\/\/www.europesays.com\/fr\/wp-content\/uploads\/2025\/12\/694d1657db51889d14095380.1.jpeg\" width=\"480\" height=\"300\" class=\"web_golden_m\" loading=\"lazy\" alt=\"Un jardin \u00e0 Mordelles.\"\/>Un jardin \u00e0 Mordelles. (Le T\u00e9l\u00e9gramme \/ Romain Leroux)<\/p>\n","protected":false},"excerpt":{"rendered":"Les petits et les grands enfants en avaient r\u00eav\u00e9. Ce jeudi 25 d\u00e9cembre, les Rennais se sont r\u00e9veill\u00e9s&hellip;\n","protected":false},"author":2,"featured_media":621487,"comment_status":"","ping_status":"","sticky":false,"template":"","format":"standard","meta":{"footnotes":""},"categories":[2821],"tags":[1111,11,829,1777,674,1011,27,848,12,584,25],"class_list":{"0":"post-621486","1":"post","2":"type-post","3":"status-publish","4":"format-standard","5":"has-post-thumbnail","7":"category-rennes","8":"tag-actu","9":"tag-actualites","10":"tag-bretagne","11":"tag-eu","12":"tag-europe","13":"tag-fr","14":"tag-france","15":"tag-ille-et-vilaine","16":"tag-news","17":"tag-rennes","18":"tag-republique-francaise"},"share_on_mastodon":{"url":"https:\/\/pubeurope.com\/@fr\/115780078042829677","error":""},"_links":{"self":[{"href":"https:\/\/www.europesays.com\/fr\/wp-json\/wp\/v2\/posts\/621486","targetHints":{"allow":["GET"]}}],"collection":[{"href":"https:\/\/www.europesays.com\/fr\/wp-json\/wp\/v2\/posts"}],"about":[{"href":"https:\/\/www.europesays.com\/fr\/wp-json\/wp\/v2\/types\/post"}],"author":[{"embeddable":true,"href":"https:\/\/www.europesays.com\/fr\/wp-json\/wp\/v2\/users\/2"}],"replies":[{"embeddable":true,"href":"https:\/\/www.europesays.com\/fr\/wp-json\/wp\/v2\/comments?post=621486"}],"version-history":[{"count":0,"href":"https:\/\/www.europesays.com\/fr\/wp-json\/wp\/v2\/posts\/621486\/revisions"}],"wp:featuredmedia":[{"embeddable":true,"href":"https:\/\/www.europesays.com\/fr\/wp-json\/wp\/v2\/media\/621487"}],"wp:attachment":[{"href":"https:\/\/www.europesays.com\/fr\/wp-json\/wp\/v2\/media?parent=621486"}],"wp:term":[{"taxonomy":"category","embeddable":true,"href":"https:\/\/www.europesays.com\/fr\/wp-json\/wp\/v2\/categories?post=621486"},{"taxonomy":"post_tag","embeddable":true,"href":"https:\/\/www.europesays.com\/fr\/wp-json\/wp\/v2\/tags?post=621486"}],"curies":[{"name":"wp","href":"https:\/\/api.w.org\/{rel}","templated":true}]}}