{"id":621492,"date":"2025-12-25T11:58:16","date_gmt":"2025-12-25T11:58:16","guid":{"rendered":"https:\/\/www.europesays.com\/fr\/621492\/"},"modified":"2025-12-25T11:58:16","modified_gmt":"2025-12-25T11:58:16","slug":"cest-comme-une-famille-des-seniors-isoles-invites-a-un-dejeuner-de-noel-face-a-la-mer-a-nice","status":"publish","type":"post","link":"https:\/\/www.europesays.com\/fr\/621492\/","title":{"rendered":"\u00ab\u00a0C&rsquo;est comme une famille\u00a0\u00bb, des s\u00e9niors isol\u00e9s invit\u00e9s \u00e0 un d\u00e9jeuner de No\u00ebl face \u00e0 la mer \u00e0 Nice"},"content":{"rendered":"<p>Une trentaine de s\u00e9niors isol\u00e9s ont partag\u00e9 un d\u00e9jeuner de No\u00ebl ce mercredi 24 d\u00e9cembre \u00e0 Nice gr\u00e2ce \u00e0 l\u2019antenne locale de l\u2019association Les Petits Fr\u00e8res des Pauvres. Un moment chaleureux organis\u00e9 \u00e0 l\u2019h\u00f4tel Saint-Paul, pour rompre la solitude \u00e0 l\u2019une des p\u00e9riodes les plus difficiles de l\u2019ann\u00e9e.<\/p>\n<p>Ce mercredi 24 d\u00e9cembre, ils sont une trentaine, \u00e2g\u00e9s de 60 \u00e0 96 ans, install\u00e9s autour de grandes tables rondes, face \u00e0 la mer. Tous vivent seuls. Tous ont r\u00e9pondu \u00e0 l\u2019invitation de l\u2019antenne ni\u00e7oise des Petits Fr\u00e8res des Pauvres. L\u2019objectif est simple\u00a0: recr\u00e9er une ambiance familiale et bousculer un quotidien souvent marqu\u00e9 par l\u2019isolement.<\/p>\n<p>\u00ab\u00a0\u00c7a change du quotidien\u00a0\u00bb<\/p>\n<p>Parmi les convives, Fatiha, 66 ans, f\u00eate No\u00ebl ici pour la premi\u00e8re fois. Elle a perdu son compagnon cette ann\u00e9e, d\u00e9c\u00e9d\u00e9 dans ses bras apr\u00e8s une crise cardiaque. Depuis, elle dit se sentir seule, ne plus dormir, ne plus manger. Ce d\u00e9jeuner, entour\u00e9e de b\u00e9n\u00e9voles et d\u2019autres seniors, lui apporte <strong>un vrai r\u00e9confort<\/strong>.<\/p>\n<p>Un peu plus loin, Janine, 88 ans, explique supporter habituellement la solitude. Mais pas \u00e0 No\u00ebl. Elle vit seule, dans une maison isol\u00e9e,\u00a0 \u00ab\u00a0avec beaucoup d\u2019arbres mais peu d\u2019humains\u00a0\u00bb. Ce jour-l\u00e0, elle sourit davantage que d\u2019habitude, accompagn\u00e9e par Ana\u00efs, b\u00e9n\u00e9vole depuis un an, qui lui rend r\u00e9guli\u00e8rement visite.<\/p>\n<p>Des b\u00e9n\u00e9voles mobilis\u00e9s et des dons essentiels<\/p>\n<p>Le repas, compos\u00e9 notamment de saumon gravlax, de supr\u00eame de volaille, de cabillaud et d\u2019une tarte aux pommes, se termine par un cadeau de No\u00ebl\u00a0: un coffret de soins. Une attention rendue possible gr\u00e2ce aux dons de particuliers.<\/p>\n<p>Des d\u00e9jeuners de No\u00ebl ont \u00e9galement \u00e9t\u00e9 organis\u00e9s \u00e0 Cannes et \u00e0 Antibes par les autres antennes locales des Petits Fr\u00e8res des Pauvres. \u00c0 Nice, l\u2019antenne locale compte environ 70 b\u00e9n\u00e9voles. Ils sont une cinquantaine \u00e0 Cannes, un peu moins \u00e0 Antibes. L\u2019association fonctionne presque exclusivement gr\u00e2ce \u00e0 la g\u00e9n\u00e9rosit\u00e9 du public, avec pr\u00e8s de <strong>20.000 b\u00e9n\u00e9voles mobilis\u00e9s partout en France<\/strong>.<\/p>\n<p>En France, <strong>deux millions de personnes \u00e2g\u00e9es vivent seules<\/strong>, dont 750.000 sans aucun contact. Les 24 et 25 d\u00e9cembre, des b\u00e9n\u00e9voles organisent repas festifs, visites et cadeaux personnalis\u00e9s pour rompre cet isolement.<\/p>\n<p> <img decoding=\"async\" src=\"https:\/\/www.europesays.com\/fr\/wp-content\/uploads\/2025\/12\/1766663896_904_1280\" alt=\"illustration agrandir l'image\" style=\"--_image-preview:url('data:image\/jpeg;base64,\/9j\/2wBDACgcHiMeGSgjISMtKygwPGRBPDc3PHtYXUlkkYCZlo+AjIqgtObDoKrarYqMyP\/L2u71\/\/\/\/m8H\/\/\/\/6\/+b9\/\/j\/2wBDASstLTw1PHZBQXb4pYyl+Pj4+Pj4+Pj4+Pj4+Pj4+Pj4+Pj4+Pj4+Pj4+Pj4+Pj4+Pj4+Pj4+Pj4+Pj4+Pj4+Pj\/wAARCAAfACoDASIAAhEBAxEB\/8QAGAAAAwEBAAAAAAAAAAAAAAAAAAMEAQL\/xAAZEAEBAQEBAQAAAAAAAAAAAAAAAgEREhP\/xAAWAQEBAQAAAAAAAAAAAAAAAAAAAgH\/xAAVEQEBAAAAAAAAAAAAAAAAAAAAEf\/aAAwDAQACEQMRAD8AprSLNousS1PeE1KmpcbDaJdhnhTsD5lIu1zuO+M4iqL2WeTODhSF+B4N4OFI\/9k=');\" loading=\"lazy\" fetchpriority=\"low\" class=\"svelte-1cksh76 rounded\" onload=\"this.__e=event\" onerror=\"this.__e=event\"\/> Des cadeaux de No\u00ebl \u00e0 l&rsquo;h\u00f4tel Saint-Paul \u00e0 Nice lors d&rsquo;un d\u00e9jeuner organis\u00e9 par l&rsquo;association Les Petits Fr\u00e8res des Pauvres \u00a9 Radio France &#8211; Oc\u00e9ane Zitouni  <\/p>\n","protected":false},"excerpt":{"rendered":"Une trentaine de s\u00e9niors isol\u00e9s ont partag\u00e9 un d\u00e9jeuner de No\u00ebl ce mercredi 24 d\u00e9cembre \u00e0 Nice gr\u00e2ce&hellip;\n","protected":false},"author":2,"featured_media":621493,"comment_status":"","ping_status":"","sticky":false,"template":"","format":"standard","meta":{"footnotes":""},"categories":[2819],"tags":[1111,11,1777,674,1011,27,12,2401,882,25],"class_list":{"0":"post-621492","1":"post","2":"type-post","3":"status-publish","4":"format-standard","5":"has-post-thumbnail","7":"category-nice","8":"tag-actu","9":"tag-actualites","10":"tag-eu","11":"tag-europe","12":"tag-fr","13":"tag-france","14":"tag-news","15":"tag-nice","16":"tag-provence-alpes-cote-dazur","17":"tag-republique-francaise"},"share_on_mastodon":{"url":"https:\/\/pubeurope.com\/@fr\/115780093639091705","error":""},"_links":{"self":[{"href":"https:\/\/www.europesays.com\/fr\/wp-json\/wp\/v2\/posts\/621492","targetHints":{"allow":["GET"]}}],"collection":[{"href":"https:\/\/www.europesays.com\/fr\/wp-json\/wp\/v2\/posts"}],"about":[{"href":"https:\/\/www.europesays.com\/fr\/wp-json\/wp\/v2\/types\/post"}],"author":[{"embeddable":true,"href":"https:\/\/www.europesays.com\/fr\/wp-json\/wp\/v2\/users\/2"}],"replies":[{"embeddable":true,"href":"https:\/\/www.europesays.com\/fr\/wp-json\/wp\/v2\/comments?post=621492"}],"version-history":[{"count":0,"href":"https:\/\/www.europesays.com\/fr\/wp-json\/wp\/v2\/posts\/621492\/revisions"}],"wp:featuredmedia":[{"embeddable":true,"href":"https:\/\/www.europesays.com\/fr\/wp-json\/wp\/v2\/media\/621493"}],"wp:attachment":[{"href":"https:\/\/www.europesays.com\/fr\/wp-json\/wp\/v2\/media?parent=621492"}],"wp:term":[{"taxonomy":"category","embeddable":true,"href":"https:\/\/www.europesays.com\/fr\/wp-json\/wp\/v2\/categories?post=621492"},{"taxonomy":"post_tag","embeddable":true,"href":"https:\/\/www.europesays.com\/fr\/wp-json\/wp\/v2\/tags?post=621492"}],"curies":[{"name":"wp","href":"https:\/\/api.w.org\/{rel}","templated":true}]}}