{"id":621498,"date":"2025-12-25T12:02:10","date_gmt":"2025-12-25T12:02:10","guid":{"rendered":"https:\/\/www.europesays.com\/fr\/621498\/"},"modified":"2025-12-25T12:02:10","modified_gmt":"2025-12-25T12:02:10","slug":"dans-le-centre-ville-de-bordeaux-ce-nouveau-restaurant-mise-sur-limmersion-dans-les-rues-du-japon","status":"publish","type":"post","link":"https:\/\/www.europesays.com\/fr\/621498\/","title":{"rendered":"Dans le centre-ville de Bordeaux, ce nouveau restaurant mise sur l&rsquo;immersion dans les rues du Japon"},"content":{"rendered":"<p>                    Par<br \/>\n        <strong><br \/>\n            <a href=\"https:\/\/actu.fr\/auteur\/julian-doubax\" title=\"Consulter tous les articles de Julian Doubax\" target=\"_blank\" rel=\"noopener\">Julian Doubax<\/a><br \/>\n                    <\/strong><\/p>\n<p>        Publi\u00e9 le<\/p>\n<p>            25 d\u00e9c. 2025 \u00e0 12h32        <\/p>\n<p>Le lundi 20 octobre 2025, le restaurant <strong>Nadai Ramen<\/strong> a ouvert ses portes au 129 <a href=\"https:\/\/actu.fr\/nouvelle-aquitaine\/bordeaux_33063\/pourquoi-une-odeur-nauseabonde-a-envahi-des-magasins-de-la-rue-sainte-catherine-a-bordeaux_63508717.html\" target=\"_blank\" rel=\"noopener\">rue Sainte-Catherine<\/a> \u00e0 Bordeaux. Ce nouvel \u00e9tablissement est uniquement consacr\u00e9 \u00e0 ce plat de <a href=\"https:\/\/actu.fr\/nouvelle-aquitaine\/bordeaux_33063\/pour-l-ouverture-de-son-nouveau-restaurant-a-bordeaux-cette-enseigne-offre-750-repas_63438327.html\" target=\"_blank\" rel=\"noopener\">nouilles<\/a> embl\u00e9matique du Japon.<\/p>\n<p class=\" wall-content\">Pour pousser l\u2019exp\u00e9rience au maximum, les g\u00e9rants ont jou\u00e9 le jeu de <strong>l\u2019immersion<\/strong> en reproduisant un d\u00e9cor des ruelles du pays du soleil levant. Tout est fait pour d\u00e9payser le client et s\u2019imaginer \u00e0 <strong>Tokyo<\/strong>. Les petites lanternes lumineuses, les \u00e9criteaux en japonais\u2026 La d\u00e9coration a \u00e9t\u00e9 con\u00e7ue \u00e0 l\u2019aide d\u2019un architecte ayant travaill\u00e9 au Japon et en Chine.\u00a0<\/p>\n<p class=\" wall-content\">\u00ab\u00a0L\u2019ambition est de cr\u00e9er un vraie lieu immersif. Nous souhaitons que d\u00e8s que le client passe la porte, <strong>il voyage au Japon<\/strong> sans quitter Bordeaux\u00a0\u00bb, confie la g\u00e9rante.\u00a0<\/p>\n<p>Cinq ramens diff\u00e9rents<\/p>\n<p class=\" wall-content\">C\u00f4t\u00e9 carte, elle s\u2019articule autour de cinq types de ramens diff\u00e9rents avec des offres v\u00e9g\u00e9tariennes. Le tout, servi dans un bouillon qui a mijot\u00e9 pendant \u00ab\u00a0plus de 8 heures\u00a0\u00bb. Une formule qui trouve <strong>preneur<\/strong>.<\/p>\n<p class=\" wall-content\">\u00ab\u00a0Le panel de clients est large. Il y a des \u00e9tudiants, des jeunes actifs et m\u00eame parfois des personnes \u00e2g\u00e9es qui reviennent car elles aiment ces saveurs,\u00a0\u00bb assure la g\u00e9rante. Pour d\u00e9guster un ramen, comptez entre <strong>12,50 euros et 17,50 euros<\/strong> en fonction des suppl\u00e9ments.<\/p>\n<p class=\" wall-content\">Personnalisez votre actualit\u00e9 en ajoutant vos villes et m\u00e9dias en favori avec <a href=\"https:\/\/moncompte.actu.fr\" title=\"D\u00e9couvez Mon Actu\" rel=\"nofollow noopener\" data-trk=\"{&quot;cta&quot;:{&quot;action&quot;:&quot;https:\\\/\\\/moncompte.actu.fr&quot;,&quot;category&quot;:&quot;mon compte&quot;,&quot;from&quot;:&quot;article footer&quot;,&quot;name&quot;:&quot;Mon actu&quot;,&quot;type&quot;:&quot;cta&quot;}}\" target=\"_blank\">Mon Actu<\/a>.<\/p>\n","protected":false},"excerpt":{"rendered":"Par Julian Doubax Publi\u00e9 le 25 d\u00e9c. 2025 \u00e0 12h32 Le lundi 20 octobre 2025, le restaurant Nadai&hellip;\n","protected":false},"author":2,"featured_media":621499,"comment_status":"","ping_status":"","sticky":false,"template":"","format":"standard","meta":{"footnotes":""},"categories":[2817],"tags":[1111,11,1997,1777,674,1011,27,1661,12,3147,2219,25,1340,104],"class_list":{"0":"post-621498","1":"post","2":"type-post","3":"status-publish","4":"format-standard","5":"has-post-thumbnail","7":"category-bordeaux","8":"tag-actu","9":"tag-actualites","10":"tag-bordeaux","11":"tag-eu","12":"tag-europe","13":"tag-fr","14":"tag-france","15":"tag-gastronomie","16":"tag-news","17":"tag-nouveaux-commerces","18":"tag-nouvelle-aquitaine","19":"tag-republique-francaise","20":"tag-restaurant","21":"tag-societe"},"share_on_mastodon":{"url":"https:\/\/pubeurope.com\/@fr\/115780107946262821","error":""},"_links":{"self":[{"href":"https:\/\/www.europesays.com\/fr\/wp-json\/wp\/v2\/posts\/621498","targetHints":{"allow":["GET"]}}],"collection":[{"href":"https:\/\/www.europesays.com\/fr\/wp-json\/wp\/v2\/posts"}],"about":[{"href":"https:\/\/www.europesays.com\/fr\/wp-json\/wp\/v2\/types\/post"}],"author":[{"embeddable":true,"href":"https:\/\/www.europesays.com\/fr\/wp-json\/wp\/v2\/users\/2"}],"replies":[{"embeddable":true,"href":"https:\/\/www.europesays.com\/fr\/wp-json\/wp\/v2\/comments?post=621498"}],"version-history":[{"count":0,"href":"https:\/\/www.europesays.com\/fr\/wp-json\/wp\/v2\/posts\/621498\/revisions"}],"wp:featuredmedia":[{"embeddable":true,"href":"https:\/\/www.europesays.com\/fr\/wp-json\/wp\/v2\/media\/621499"}],"wp:attachment":[{"href":"https:\/\/www.europesays.com\/fr\/wp-json\/wp\/v2\/media?parent=621498"}],"wp:term":[{"taxonomy":"category","embeddable":true,"href":"https:\/\/www.europesays.com\/fr\/wp-json\/wp\/v2\/categories?post=621498"},{"taxonomy":"post_tag","embeddable":true,"href":"https:\/\/www.europesays.com\/fr\/wp-json\/wp\/v2\/tags?post=621498"}],"curies":[{"name":"wp","href":"https:\/\/api.w.org\/{rel}","templated":true}]}}