{"id":621500,"date":"2025-12-25T12:03:11","date_gmt":"2025-12-25T12:03:11","guid":{"rendered":"https:\/\/www.europesays.com\/fr\/621500\/"},"modified":"2025-12-25T12:03:11","modified_gmt":"2025-12-25T12:03:11","slug":"quels-sont-les-quatre-restaurants-girondins-figurant-dans-la-liste-des-1-000-meilleures-adresses-du-monde","status":"publish","type":"post","link":"https:\/\/www.europesays.com\/fr\/621500\/","title":{"rendered":"Quels sont les quatre restaurants girondins figurant dans la liste des 1\u00a0000 meilleures adresses du monde\u00a0?"},"content":{"rendered":"<p>Un peu plus au Sud, dans les Pyr\u00e9n\u00e9es-Atlantiques, La Table des fr\u00e8res Ibarboure de Bidart a, lui, remport\u00e9 le prix sp\u00e9cial de la nouvelle destination gastronomique (s\u00e9lection locale, France) aux c\u00f4t\u00e9s d\u2019un restaurant indon\u00e9sien (s\u00e9lection internationale). Cette distinction r\u00e9compense \u00ab\u00a0une ville, une r\u00e9gion ou un pays en plein essor gastronomique, bient\u00f4t incontournable pour les gourmets\u00a0\u00bb selon le site Internet du guide.<\/p>\n","protected":false},"excerpt":{"rendered":"Un peu plus au Sud, dans les Pyr\u00e9n\u00e9es-Atlantiques, La Table des fr\u00e8res Ibarboure de Bidart a, lui, remport\u00e9&hellip;\n","protected":false},"author":2,"featured_media":621501,"comment_status":"","ping_status":"","sticky":false,"template":"","format":"standard","meta":{"footnotes":""},"categories":[2817],"tags":[1111,11,1997,1777,674,1011,27,12,2219,25],"class_list":{"0":"post-621500","1":"post","2":"type-post","3":"status-publish","4":"format-standard","5":"has-post-thumbnail","7":"category-bordeaux","8":"tag-actu","9":"tag-actualites","10":"tag-bordeaux","11":"tag-eu","12":"tag-europe","13":"tag-fr","14":"tag-france","15":"tag-news","16":"tag-nouvelle-aquitaine","17":"tag-republique-francaise"},"share_on_mastodon":{"url":"https:\/\/pubeurope.com\/@fr\/115780111828893210","error":""},"_links":{"self":[{"href":"https:\/\/www.europesays.com\/fr\/wp-json\/wp\/v2\/posts\/621500","targetHints":{"allow":["GET"]}}],"collection":[{"href":"https:\/\/www.europesays.com\/fr\/wp-json\/wp\/v2\/posts"}],"about":[{"href":"https:\/\/www.europesays.com\/fr\/wp-json\/wp\/v2\/types\/post"}],"author":[{"embeddable":true,"href":"https:\/\/www.europesays.com\/fr\/wp-json\/wp\/v2\/users\/2"}],"replies":[{"embeddable":true,"href":"https:\/\/www.europesays.com\/fr\/wp-json\/wp\/v2\/comments?post=621500"}],"version-history":[{"count":0,"href":"https:\/\/www.europesays.com\/fr\/wp-json\/wp\/v2\/posts\/621500\/revisions"}],"wp:featuredmedia":[{"embeddable":true,"href":"https:\/\/www.europesays.com\/fr\/wp-json\/wp\/v2\/media\/621501"}],"wp:attachment":[{"href":"https:\/\/www.europesays.com\/fr\/wp-json\/wp\/v2\/media?parent=621500"}],"wp:term":[{"taxonomy":"category","embeddable":true,"href":"https:\/\/www.europesays.com\/fr\/wp-json\/wp\/v2\/categories?post=621500"},{"taxonomy":"post_tag","embeddable":true,"href":"https:\/\/www.europesays.com\/fr\/wp-json\/wp\/v2\/tags?post=621500"}],"curies":[{"name":"wp","href":"https:\/\/api.w.org\/{rel}","templated":true}]}}