{"id":621502,"date":"2025-12-25T12:04:15","date_gmt":"2025-12-25T12:04:15","guid":{"rendered":"https:\/\/www.europesays.com\/fr\/621502\/"},"modified":"2025-12-25T12:04:15","modified_gmt":"2025-12-25T12:04:15","slug":"sur-lautoroute-une-camionnette-prend-feu-les-pompiers-protegent-le-poste-a-essence","status":"publish","type":"post","link":"https:\/\/www.europesays.com\/fr\/621502\/","title":{"rendered":"Sur l\u2019autoroute, une camionnette prend feu, les pompiers prot\u00e8gent le poste \u00e0 essence"},"content":{"rendered":"<p>\n                                                                    l&rsquo;essentiel<br \/>\n                                                                Incendie inhabituel dans la nuit sur l\u2019axe autoroutier Toulouse-Narbonne, \u00e0 Deyme. Une camionnette a pris feu dans une station-service. Le personnel puis les pompiers ont ma\u00eetris\u00e9 le sinistre. Pas de bless\u00e9 et peu de d\u00e9g\u00e2ts.\n                            <\/p>\n<p>\u00ab\u00a0Il y a quelques traces noires sur la piste mais rien de marquant\u00a0\u00bb. \u00c0 la station-service Dyneff, sur la commune de Deyme au sud de Toulouse, la vie de l\u2019autoroute A61, l\u2019axe Toulouse-Narbonne, a repris son cours apr\u00e8s une nuit agit\u00e9e.<\/p>\n<p>Peu avant 3\u00a0heures, les pompiers ont \u00e9t\u00e9 alert\u00e9s pour une camionnette qui br\u00fblait sur une aire de repos qui accueille \u00e9galement une station-service. \u00ab\u00a0Mes coll\u00e8gues ont vu arriver une camionnette qui s\u2019est stationn\u00e9e sur le c\u00f4t\u00e9, raconte le responsable de la station de permanence ce jour de No\u00ebl. Des flammes ont commenc\u00e9 \u00e0 s\u2019\u00e9chapper. Ils sont vite intervenus avec des extincteurs.\u00a0\u00bb<\/p>\n<p>La nuit de No\u00ebl, peu de clients<\/p>\n<p>Malgr\u00e9 cette premi\u00e8re intervention, le feu s\u2019est propag\u00e9 au v\u00e9hicule qui a \u00e9t\u00e9 enti\u00e8rement d\u00e9truit. Les pompiers, des centres de secours de Montgiscard et Ramonville-Buchens, sont arriv\u00e9s 20 minutes apr\u00e8s l\u2019alerte. \u00ab\u00a0Nous avons termin\u00e9 l\u2019extinction de l\u2019utilitaire et nous avons prot\u00e9g\u00e9 les pompes \u00e0 essence\u00a0\u00bb, pr\u00e9cise le service d\u00e9partemental d\u2019incendie et de secours qui a engag\u00e9 deux engins et treize sapeurs.<\/p>\n<p>\u00ab\u00a0Nous \u00e9tions dans la nuit du 24 au 25\u00a0d\u00e9cembre. Le flux de v\u00e9hicules \u00e9tait tr\u00e8s r\u00e9duit\u00a0\u00bb, rassure le responsable de la station qui a d\u00fb interrompre pendant une petite heure la distribution des carburants.<\/p>\n<p>Pas de bless\u00e9 ni de d\u00e9g\u00e2t pour le v\u00e9hicule enti\u00e8rement d\u00e9truit.<\/p>\n<p>Ce jeudi matin, la station Dyneff avait retrouv\u00e9 son activit\u00e9 \u00ab\u00a0habituelle\u00a0\u00bb sans que les clients de l\u2019autoroute imaginent ce qui s\u2019\u00e9tait d\u00e9roul\u00e9 dans la nuit.<\/p>\n","protected":false},"excerpt":{"rendered":"l&rsquo;essentiel Incendie inhabituel dans la nuit sur l\u2019axe autoroutier Toulouse-Narbonne, \u00e0 Deyme. Une camionnette a pris feu dans&hellip;\n","protected":false},"author":2,"featured_media":621503,"comment_status":"","ping_status":"","sticky":false,"template":"","format":"standard","meta":{"footnotes":""},"categories":[2816],"tags":[1111,11,1777,674,118,1011,27,2722,12,2680,25,2312],"class_list":{"0":"post-621502","1":"post","2":"type-post","3":"status-publish","4":"format-standard","5":"has-post-thumbnail","7":"category-toulouse","8":"tag-actu","9":"tag-actualites","10":"tag-eu","11":"tag-europe","12":"tag-faits-divers","13":"tag-fr","14":"tag-france","15":"tag-haute-garonne","16":"tag-news","17":"tag-occitanie","18":"tag-republique-francaise","19":"tag-toulouse"},"share_on_mastodon":{"url":"https:\/\/pubeurope.com\/@fr\/115780115864288365","error":""},"_links":{"self":[{"href":"https:\/\/www.europesays.com\/fr\/wp-json\/wp\/v2\/posts\/621502","targetHints":{"allow":["GET"]}}],"collection":[{"href":"https:\/\/www.europesays.com\/fr\/wp-json\/wp\/v2\/posts"}],"about":[{"href":"https:\/\/www.europesays.com\/fr\/wp-json\/wp\/v2\/types\/post"}],"author":[{"embeddable":true,"href":"https:\/\/www.europesays.com\/fr\/wp-json\/wp\/v2\/users\/2"}],"replies":[{"embeddable":true,"href":"https:\/\/www.europesays.com\/fr\/wp-json\/wp\/v2\/comments?post=621502"}],"version-history":[{"count":0,"href":"https:\/\/www.europesays.com\/fr\/wp-json\/wp\/v2\/posts\/621502\/revisions"}],"wp:featuredmedia":[{"embeddable":true,"href":"https:\/\/www.europesays.com\/fr\/wp-json\/wp\/v2\/media\/621503"}],"wp:attachment":[{"href":"https:\/\/www.europesays.com\/fr\/wp-json\/wp\/v2\/media?parent=621502"}],"wp:term":[{"taxonomy":"category","embeddable":true,"href":"https:\/\/www.europesays.com\/fr\/wp-json\/wp\/v2\/categories?post=621502"},{"taxonomy":"post_tag","embeddable":true,"href":"https:\/\/www.europesays.com\/fr\/wp-json\/wp\/v2\/tags?post=621502"}],"curies":[{"name":"wp","href":"https:\/\/api.w.org\/{rel}","templated":true}]}}