{"id":621504,"date":"2025-12-25T12:05:17","date_gmt":"2025-12-25T12:05:17","guid":{"rendered":"https:\/\/www.europesays.com\/fr\/621504\/"},"modified":"2025-12-25T12:05:17","modified_gmt":"2025-12-25T12:05:17","slug":"elle-arrive-a-lhopital-de-toulouse-avec-un-sac-a-dos-les-medecins-trouvent-un-bebe-mort-a-linterieur","status":"publish","type":"post","link":"https:\/\/www.europesays.com\/fr\/621504\/","title":{"rendered":"Elle arrive \u00e0 l\u2019h\u00f4pital de Toulouse avec un sac \u00e0 dos\u00a0: les m\u00e9decins trouvent un b\u00e9b\u00e9 mort \u00e0 l\u2019int\u00e9rieur"},"content":{"rendered":"<p>\n                                                                Le 22\u00a0d\u00e9cembre 2025, une femme \u00e2g\u00e9e d\u2019une vingtaine d\u2019ann\u00e9es s\u2019est pr\u00e9sent\u00e9e aux urgences de l\u2019h\u00f4pital de Toulouse avec un b\u00e9b\u00e9 mort dans son sac \u00e0 dos. La d\u00e9couverte, gla\u00e7ante, a entra\u00een\u00e9 l\u2019ouverture imm\u00e9diate d\u2019une enqu\u00eate et le placement de la jeune femme en garde \u00e0 vue.\n                            <\/p>\n<p>Gla\u00e7ant. Lundi, le personnel de l\u2019h\u00f4pital Pierre-Paul Riquet, \u00e0 Toulouse, a d\u00e9couvert <a href=\"https:\/\/www.midilibre.fr\/2025\/12\/08\/lenfant-reposait-au-milieu-des-emballages-menagers-un-bebe-retrouve-sans-vie-dans-un-centre-de-tri-13098079.php\" target=\"_blank\" rel=\"noopener\">un nourrisson sans vie <\/a>dans le sac \u00e0 dos d\u2019une jeune femme arriv\u00e9e aux urgences, r\u00e9v\u00e8lent nos confr\u00e8res de <a href=\"https:\/\/www.ladepeche.fr\/2025\/12\/22\/cette-femme-de-23-ans-entre-a-lhopital-des-enfants-avec-un-sac-a-dos-le-contenu-glace-les-medecins-13125839.php\" target=\"_blank\" rel=\"noopener\">La D\u00e9p\u00eache<\/a>. Une <a href=\"https:\/\/www.midilibre.fr\/2025\/10\/12\/apres-la-mort-suspecte-dun-bebe-de-8-mois-cinq-enfants-denutris-retrouves-dans-une-maison-insalubre-un-juge-saisi-pour-crime-de-delaissement-12987654.php\" target=\"_blank\" rel=\"noopener\">enqu\u00eate a \u00e9t\u00e9 ouverte<\/a> sur-le-champ.<\/p>\n<p>Un nouveau-n\u00e9 sans vie<\/p>\n<p>\u00ab\u00a0Peu avant 11\u00a0heures, la jeune femme se serait pr\u00e9sent\u00e9e \u00e0 l\u2019h\u00f4pital des enfants, quartier Purpan \u00e0 Toulouse, pour parler \u00e0 des m\u00e9decins\u00a0\u00bb, racontent nos confr\u00e8res d\u2019apr\u00e8s le r\u00e9cit de personnes pr\u00e9sentes \u00e0 l\u2019h\u00f4pital.<\/p>\n<p>\u00c2g\u00e9e de 23 ans, la victime a expliqu\u00e9 agir pour une amie. Perplexes, les soignants l\u2019ont prise en charge et ont ouvert le sac \u00e0 dos qu\u2019elle transportait. L\u00e0, ils ont d\u00e9couvert avec horreur le corps sans vie d\u2019un b\u00e9b\u00e9.<\/p>\n<p>\u00ab\u00a0Nous avons ouvert une enqu\u00eate pour meurtre sur mineurs de 15 ans\u00a0\u00bb, a d\u00e9clar\u00e9 le procureur de la R\u00e9publique de Toulouse David Charmatz. La jeune femme a \u00e9t\u00e9 plac\u00e9e en garde \u00e0 vue. Le corps du b\u00e9b\u00e9, manifestement un nouveau-n\u00e9, a fait l\u2019objet d\u2019une autopsie. Les premiers examens devraient rapidement permettre de d\u00e9terminer si la femme interpell\u00e9e est la m\u00e8re de l\u2019enfant.<\/p>\n","protected":false},"excerpt":{"rendered":"Le 22\u00a0d\u00e9cembre 2025, une femme \u00e2g\u00e9e d\u2019une vingtaine d\u2019ann\u00e9es s\u2019est pr\u00e9sent\u00e9e aux urgences de l\u2019h\u00f4pital de Toulouse avec&hellip;\n","protected":false},"author":2,"featured_media":621505,"comment_status":"","ping_status":"","sticky":false,"template":"","format":"standard","meta":{"footnotes":""},"categories":[2816],"tags":[1111,11,1777,674,118,1011,27,12,2680,25,2312],"class_list":{"0":"post-621504","1":"post","2":"type-post","3":"status-publish","4":"format-standard","5":"has-post-thumbnail","7":"category-toulouse","8":"tag-actu","9":"tag-actualites","10":"tag-eu","11":"tag-europe","12":"tag-faits-divers","13":"tag-fr","14":"tag-france","15":"tag-news","16":"tag-occitanie","17":"tag-republique-francaise","18":"tag-toulouse"},"share_on_mastodon":{"url":"https:\/\/pubeurope.com\/@fr\/115780119879792446","error":""},"_links":{"self":[{"href":"https:\/\/www.europesays.com\/fr\/wp-json\/wp\/v2\/posts\/621504","targetHints":{"allow":["GET"]}}],"collection":[{"href":"https:\/\/www.europesays.com\/fr\/wp-json\/wp\/v2\/posts"}],"about":[{"href":"https:\/\/www.europesays.com\/fr\/wp-json\/wp\/v2\/types\/post"}],"author":[{"embeddable":true,"href":"https:\/\/www.europesays.com\/fr\/wp-json\/wp\/v2\/users\/2"}],"replies":[{"embeddable":true,"href":"https:\/\/www.europesays.com\/fr\/wp-json\/wp\/v2\/comments?post=621504"}],"version-history":[{"count":0,"href":"https:\/\/www.europesays.com\/fr\/wp-json\/wp\/v2\/posts\/621504\/revisions"}],"wp:featuredmedia":[{"embeddable":true,"href":"https:\/\/www.europesays.com\/fr\/wp-json\/wp\/v2\/media\/621505"}],"wp:attachment":[{"href":"https:\/\/www.europesays.com\/fr\/wp-json\/wp\/v2\/media?parent=621504"}],"wp:term":[{"taxonomy":"category","embeddable":true,"href":"https:\/\/www.europesays.com\/fr\/wp-json\/wp\/v2\/categories?post=621504"},{"taxonomy":"post_tag","embeddable":true,"href":"https:\/\/www.europesays.com\/fr\/wp-json\/wp\/v2\/tags?post=621504"}],"curies":[{"name":"wp","href":"https:\/\/api.w.org\/{rel}","templated":true}]}}