{"id":621510,"date":"2025-12-25T12:08:12","date_gmt":"2025-12-25T12:08:12","guid":{"rendered":"https:\/\/www.europesays.com\/fr\/621510\/"},"modified":"2025-12-25T12:08:12","modified_gmt":"2025-12-25T12:08:12","slug":"meteo-a-marseille-apres-les-fortes-pluies-la-meteo-va-radicalement-changer-pour-noel","status":"publish","type":"post","link":"https:\/\/www.europesays.com\/fr\/621510\/","title":{"rendered":"M\u00e9t\u00e9o \u00e0 Marseille. Apr\u00e8s les fortes pluies, la m\u00e9t\u00e9o va radicalement changer pour No\u00ebl"},"content":{"rendered":"<p>                    Par<br \/>\n        <strong><br \/>\n            <a href=\"https:\/\/actu.fr\/auteur\/thibault-nadal-actu-fr\" title=\"Consulter tous les articles de Thibault Nadal\" target=\"_blank\" rel=\"noopener\">Thibault Nadal<\/a><br \/>\n                    <\/strong><\/p>\n<p>        Publi\u00e9 le<\/p>\n<p>            25 d\u00e9c. 2025 \u00e0 7h14        <\/p>\n<p>La <a href=\"https:\/\/actu.fr\/tag\/pluie\" target=\"_blank\" rel=\"noopener\">pluie<\/a>, c\u2019est bient\u00f4t fini\u2009! Depuis plusieurs jours, les habitants de <a href=\"https:\/\/actu.fr\/marseille\/\" target=\"_blank\" rel=\"noopener\">Marseille<\/a> et des <a href=\"https:\/\/actu.fr\/provence-alpes-cote-d-azur\/bouches-du-rhone_13\" target=\"_blank\" rel=\"noopener\">Bouches-du-Rh\u00f4ne<\/a> ne sont pas \u00e9pargn\u00e9s. Ces derni\u00e8res 72h, il est<strong> tomb\u00e9 jusqu\u2019\u00e0 \u00ab\u2009130 millim\u00e8tres de pluie\u2009\u00bb <\/strong>dans le d\u00e9partement, r\u00e9v\u00e8le Paul Marquis, fondateur de La M\u00e9t\u00e9o du 13.<\/p>\n<p class=\" wall-content\">Apr\u00e8s une accalmie en journ\u00e9e, le r\u00e9veillon de <a href=\"https:\/\/actu.fr\/tag\/noel\" target=\"_blank\" rel=\"noopener\">No\u00ebl<\/a> a \u00e9t\u00e9 marqu\u00e9 par de nouvelles averses. Mais c\u2019est d\u00e9sormais termin\u00e9.<\/p>\n<p class=\" wall-content\">Voici les pr\u00e9visions des prochains jours.<\/p>\n<p class=\" wall-content\"><strong>LIRE AUSSI SUR NEIGE 1962<\/strong><\/p>\n<p>Du soleil et des temp\u00e9ratures douces<\/p>\n<p class=\" wall-content\">D\u00e8s ce jeudi 25\u00a0d\u00e9cembre, le soleil reviendra progressivement dans le d\u00e9partement, offrant la possibilit\u00e9 de se balader apr\u00e8s un repas bien copieux. Cela sera aussi permis par une m\u00e9t\u00e9o tr\u00e8s douce avec <strong>14\u00b0C attendus<\/strong> \u00e0 Marseille.<\/p>\n<p class=\" wall-content\">\n<p class=\" wall-content\">La journ\u00e9e du vendredi\u00a026 sera en revanche un peu plus contrast\u00e9e. Avec <strong>quelques gouttes sur l\u2019ouest du d\u00e9partement<\/strong>, comme \u00e0 Arles ou Sainte-Maries-de-la-Mer. Dans ces communes, le mercure chutera fortement en matin\u00e9e avec 7\u00b0C en moyenne.<\/p>\n<p class=\" wall-content\">Mais sur l\u2019est des Bouches-du-Rh\u00f4ne, le soleil sera toujours de la partie.<\/p>\n<p>Un week-end radieux<\/p>\n<p class=\" wall-content\">Le week-end entre No\u00ebl et le Nouvel An sera idyllique dans le d\u00e9partement. Un soleil de plomb viendra \u00e9gayer les vacances ou les quelques moments de repos.<\/p>\n<p class=\" wall-content\">C\u00f4t\u00e9 temp\u00e9ratures, il fera entre 7 et 13\u00b0 C le matin et <strong>entre 9 et 15\u00b0 C l\u2019apr\u00e8s-midi<\/strong>. Le mercure le plus \u00e9lev\u00e9 est r\u00e9serv\u00e9 \u00e0 Marseille.<\/p>\n<p>Votre r\u00e9gion, votre actu !<\/p>\n<p>Recevez chaque jour les infos qui comptent pour vous.<\/p>\n<p>\t<a href=\"https:\/\/actu.fr\/newsletter\" class=\"ac-btn ac-btn--corner ac-btn--medium ac-btn--blue800\" target=\"_blank\" rel=\"noopener\">S&rsquo;incrire<\/a><\/p>\n<p class=\" wall-content\">Rebelote le dimanche avec un ciel qui nous ferait presque croire que nous sommes en \u00e9t\u00e9. Le mercure, lui, devrait nous ramener \u00e0 la r\u00e9alit\u00e9 puisqu\u2019il <strong>d\u00e9passera \u00e0 peine les 10\u00b0C<\/strong>.<\/p>\n<p class=\" wall-content\">Personnalisez votre actualit\u00e9 en ajoutant vos villes et m\u00e9dias en favori avec <a href=\"https:\/\/moncompte.actu.fr\" title=\"D\u00e9couvez Mon Actu\" rel=\"nofollow noopener\" data-trk=\"{&quot;cta&quot;:{&quot;action&quot;:&quot;https:\\\/\\\/moncompte.actu.fr&quot;,&quot;category&quot;:&quot;mon compte&quot;,&quot;from&quot;:&quot;article footer&quot;,&quot;name&quot;:&quot;Mon actu&quot;,&quot;type&quot;:&quot;cta&quot;}}\" target=\"_blank\">Mon Actu<\/a>.<\/p>\n","protected":false},"excerpt":{"rendered":"Par Thibault Nadal Publi\u00e9 le 25 d\u00e9c. 2025 \u00e0 7h14 La pluie, c\u2019est bient\u00f4t fini\u2009! Depuis plusieurs jours,&hellip;\n","protected":false},"author":2,"featured_media":621511,"comment_status":"","ping_status":"","sticky":false,"template":"","format":"standard","meta":{"footnotes":""},"categories":[2814],"tags":[1111,11,1777,674,1011,27,884,2487,2357,12,4459,882,25],"class_list":{"0":"post-621510","1":"post","2":"type-post","3":"status-publish","4":"format-standard","5":"has-post-thumbnail","7":"category-marseille","8":"tag-actu","9":"tag-actualites","10":"tag-eu","11":"tag-europe","12":"tag-fr","13":"tag-france","14":"tag-marseille","15":"tag-meteo","16":"tag-meteo-france","17":"tag-news","18":"tag-pluie","19":"tag-provence-alpes-cote-dazur","20":"tag-republique-francaise"},"share_on_mastodon":{"url":"https:\/\/pubeurope.com\/@fr\/115780131530933518","error":""},"_links":{"self":[{"href":"https:\/\/www.europesays.com\/fr\/wp-json\/wp\/v2\/posts\/621510","targetHints":{"allow":["GET"]}}],"collection":[{"href":"https:\/\/www.europesays.com\/fr\/wp-json\/wp\/v2\/posts"}],"about":[{"href":"https:\/\/www.europesays.com\/fr\/wp-json\/wp\/v2\/types\/post"}],"author":[{"embeddable":true,"href":"https:\/\/www.europesays.com\/fr\/wp-json\/wp\/v2\/users\/2"}],"replies":[{"embeddable":true,"href":"https:\/\/www.europesays.com\/fr\/wp-json\/wp\/v2\/comments?post=621510"}],"version-history":[{"count":0,"href":"https:\/\/www.europesays.com\/fr\/wp-json\/wp\/v2\/posts\/621510\/revisions"}],"wp:featuredmedia":[{"embeddable":true,"href":"https:\/\/www.europesays.com\/fr\/wp-json\/wp\/v2\/media\/621511"}],"wp:attachment":[{"href":"https:\/\/www.europesays.com\/fr\/wp-json\/wp\/v2\/media?parent=621510"}],"wp:term":[{"taxonomy":"category","embeddable":true,"href":"https:\/\/www.europesays.com\/fr\/wp-json\/wp\/v2\/categories?post=621510"},{"taxonomy":"post_tag","embeddable":true,"href":"https:\/\/www.europesays.com\/fr\/wp-json\/wp\/v2\/tags?post=621510"}],"curies":[{"name":"wp","href":"https:\/\/api.w.org\/{rel}","templated":true}]}}