{"id":621512,"date":"2025-12-25T12:09:13","date_gmt":"2025-12-25T12:09:13","guid":{"rendered":"https:\/\/www.europesays.com\/fr\/621512\/"},"modified":"2025-12-25T12:09:13","modified_gmt":"2025-12-25T12:09:13","slug":"la-neige-et-la-glace-perturbent-le-trafic-des-tgv-notamment-entre-paris-et-marseille","status":"publish","type":"post","link":"https:\/\/www.europesays.com\/fr\/621512\/","title":{"rendered":"La neige et la glace perturbent le trafic des TGV, notamment entre Paris et Marseille"},"content":{"rendered":"<p>Plusieurs <a href=\"https:\/\/www.laprovence.com\/article\/societe\/142023994805915\/trains-plus-de-4-heures-de-retard-sur-un-tgv-reliant-le-luxembourg-a-marseille-ce-mercredi-cest-inoui\" target=\"_blank\" rel=\"noopener\">rames de TGV<\/a>, \u00e0 destination du Sud-Est de la France (Avignon, Aix et Marseille) connaissent un retard pouvant aller jusqu&rsquo;\u00e0 2 heures de temps ce jeudi. La cause :\u00a0 \u00ab\u00a0Les pr\u00e9cipitations neigeuses et glace limitant la vitesse du train entre M\u00e2con et Vianges (D\u00e9partement de la C\u00f4te-d&rsquo;Or en r\u00e9gion Bourgogne-Franche-Comt\u00e9), indique le site de Gare et connexions.<\/p>\n<p>Par exemple, le TGV Inou\u00ef N\u00b06103, au d\u00e9part de Paris et en direction de la gare Saint-Charles de Marseille, compte deux heures de d\u00e9calage par rapport \u00e0 son heure d&rsquo;arriv\u00e9e pr\u00e9vue.<\/p>\n<p>D&rsquo;autres rames comptent entre 20 et 35 minutes de retard. Les \u00e9quipes de la SNCF interviennent pour tenter de d\u00e9gager au mieux les voies le plus rapidement possible.<\/p>\n","protected":false},"excerpt":{"rendered":"Plusieurs rames de TGV, \u00e0 destination du Sud-Est de la France (Avignon, Aix et Marseille) connaissent un retard&hellip;\n","protected":false},"author":2,"featured_media":621513,"comment_status":"","ping_status":"","sticky":false,"template":"","format":"standard","meta":{"footnotes":""},"categories":[2814],"tags":[17,1111,11,154,1777,674,1011,27,10854,884,10584,12,34150,25517,882,16,25,2214,1097],"class_list":{"0":"post-621512","1":"post","2":"type-post","3":"status-publish","4":"format-standard","5":"has-post-thumbnail","7":"category-marseille","8":"tag-17","9":"tag-actu","10":"tag-actualites","11":"tag-des","12":"tag-eu","13":"tag-europe","14":"tag-fr","15":"tag-france","16":"tag-glace","17":"tag-marseille","18":"tag-neige","19":"tag-news","20":"tag-notamment","21":"tag-perturbent","22":"tag-provence-alpes-cote-dazur","23":"tag-region","24":"tag-republique-francaise","25":"tag-tgv","26":"tag-trafic"},"share_on_mastodon":{"url":"https:\/\/pubeurope.com\/@fr\/115780135456753230","error":""},"_links":{"self":[{"href":"https:\/\/www.europesays.com\/fr\/wp-json\/wp\/v2\/posts\/621512","targetHints":{"allow":["GET"]}}],"collection":[{"href":"https:\/\/www.europesays.com\/fr\/wp-json\/wp\/v2\/posts"}],"about":[{"href":"https:\/\/www.europesays.com\/fr\/wp-json\/wp\/v2\/types\/post"}],"author":[{"embeddable":true,"href":"https:\/\/www.europesays.com\/fr\/wp-json\/wp\/v2\/users\/2"}],"replies":[{"embeddable":true,"href":"https:\/\/www.europesays.com\/fr\/wp-json\/wp\/v2\/comments?post=621512"}],"version-history":[{"count":0,"href":"https:\/\/www.europesays.com\/fr\/wp-json\/wp\/v2\/posts\/621512\/revisions"}],"wp:featuredmedia":[{"embeddable":true,"href":"https:\/\/www.europesays.com\/fr\/wp-json\/wp\/v2\/media\/621513"}],"wp:attachment":[{"href":"https:\/\/www.europesays.com\/fr\/wp-json\/wp\/v2\/media?parent=621512"}],"wp:term":[{"taxonomy":"category","embeddable":true,"href":"https:\/\/www.europesays.com\/fr\/wp-json\/wp\/v2\/categories?post=621512"},{"taxonomy":"post_tag","embeddable":true,"href":"https:\/\/www.europesays.com\/fr\/wp-json\/wp\/v2\/tags?post=621512"}],"curies":[{"name":"wp","href":"https:\/\/api.w.org\/{rel}","templated":true}]}}