{"id":621518,"date":"2025-12-25T12:13:14","date_gmt":"2025-12-25T12:13:14","guid":{"rendered":"https:\/\/www.europesays.com\/fr\/621518\/"},"modified":"2025-12-25T12:13:14","modified_gmt":"2025-12-25T12:13:14","slug":"quels-transports-publics-fonctionneront-en-ile-de-france-le-soir-du-nouvel-an","status":"publish","type":"post","link":"https:\/\/www.europesays.com\/fr\/621518\/","title":{"rendered":"quels transports publics fonctionneront en \u00cele-de-France le soir du Nouvel an ?"},"content":{"rendered":"<p>\n    Lors de cette nuit festive, \u00cele-de-France Mobilit\u00e9s va de nouveau mettre en place un dispositif de transports gratuits dans la r\u00e9gion. Le Figaro fait le point sur les r\u00e9seaux concern\u00e9s.<\/p>\n<p class=\"fig-paragraph\">Les Franciliens qui souhaiteront se d\u00e9placer pour\u00a0<a href=\"http:\/\/www.lefigaro.fr\/culture\/rome-et-le-psg-au-coeur-des-festivites-du-nouvel-an-sur-les-champs-elysees-20251224\" data-fig-type=\"Article\" data-gtm-custom-categorie=\"navigation\" data-gtm-custom-action=\"crossclick\" data-gtm-custom-label=\"Contextuel\" data-gtm-event=\"customEventSPE\" data-fig-domain=\"LEFIGARO\" target=\"_blank\" rel=\"noopener\">f\u00eater le Nouvel an<\/a>\u00a0pourront s\u2019appuyer sur les transports publics. Comme chaque ann\u00e9e, \u00cele-de-France Mobilit\u00e9s va mettre en place un dispositif sp\u00e9cifique, fonctionnant toute la nuit gratuitement, afin de permettre \u00e0 chacun de profiter pleinement des f\u00eates du Nouvel An.<\/p>\n<p class=\"fig-paragraph\">Dans le d\u00e9tail, c\u00f4t\u00e9 <strong>m\u00e9tro<\/strong>, six lignes fonctionneront de 2h15 jusqu\u2019\u00e0 5h30, le 1er janvier\u00a0: la 1, la 2, la 4, la 6, la 9 et la 14. Toutefois, toutes les stations ne seront pas desservies, \u00cele-de-France Mobilit\u00e9s privil\u00e9giant celles avec plusieurs correspondances, dont Charles-de-Gaulle \u00c9toile, Ch\u00e2telet, Nation et Denfert-Rochereau.<\/p>\n<p>    Les lignes et stations ouvertes, ce 1er janvier.<br \/>\n                Capture d\u2019\u00e9cran communiqu\u00e9 d\u2019\u00cele-de-France Mobilit\u00e9s.<\/p>\n<p>                                            <a class=\"fig-a11y-skip\" href=\"#fig-a11y-skip-main-inarticle\" data-module=\"a11y-skip\" data-context=\"was @visible\"><br \/>\n    Passer la publicit\u00e9<br \/>\n<\/a>            <\/p>\n<p class=\"fig-paragraph\">Pour les Franciliens qui habitent hors de Paris, plusieurs <strong>RER <\/strong>circuleront aussi toute la nuit. On trouve ainsi les lignes C (sauf entre Ermont-Eaubonne et Pontoise, service assur\u00e9 par la ligne H), D (sauf entre Corbeil-Essonnes et Malesherbes) et E (d\u00e9part Gare de l\u2019Est). Toutes les gares ne sont pas forc\u00e9ment desservies, pour ces lignes, toutefois. Les RER A et B fonctionneront \u00e9galement dans les deux sens, en desservant toutes les gares.<\/p>\n<p class=\"fig-paragraph\">C\u00f4t\u00e9 <strong>Transilien<\/strong>, les lignes H, J, L, N, P et R fonctionneront \u00e9galement\u00a0: toutes les gares seront desservies, sauf pour la ligne R. Dans ce dernier cas, \u00abseule la branche entre Melun et Montereau via Moret-Veneux les Sablons sera desservie\u00bb, pr\u00e9cise l\u2019autorit\u00e9 organisatrice des transports.<\/p>\n<p class=\"fig-paragraph\">Enfin, sur la ligne de <strong>tram <\/strong>T4, toutes les stations seront desservies sur l\u2019axe entre Bondy et Aulnay-sous-Bois.<\/p>\n<p class=\"fig-paragraph\">De leur c\u00f4t\u00e9, les lignes de<strong> bus de nuit<\/strong> \u00abcirculeront comme une nuit de week-end classique\u00bb, indique \u00cele-de-France Mobilit\u00e9s. Le plan est \u00e0 retrouver en\u00a0<a href=\"https:\/\/portail-idfm.cdn.prismic.io\/portail-idfm\/aUV1N3NYClf9ohDe_IDFM_FETES_NOCTILIENS_NA_2026OK.pdf\" target=\"_blank\" rel=\"sponsored noopener\" data-gtm-custom-categorie=\"navigation\" data-gtm-custom-action=\"crossclick\" data-gtm-custom-label=\"Contextuel\" data-gtm-event=\"customEventSPE\">cliquant sur ce lien<\/a>.<\/p>\n","protected":false},"excerpt":{"rendered":"Lors de cette nuit festive, \u00cele-de-France Mobilit\u00e9s va de nouveau mettre en place un dispositif de transports gratuits&hellip;\n","protected":false},"author":2,"featured_media":621519,"comment_status":"","ping_status":"","sticky":false,"template":"","format":"standard","meta":{"footnotes":""},"categories":[1592],"tags":[1111,11,1777,674,1011,27,662,12,39117,626,625,25,2216],"class_list":{"0":"post-621518","1":"post","2":"type-post","3":"status-publish","4":"format-standard","5":"has-post-thumbnail","7":"category-ile-de-france","8":"tag-actu","9":"tag-actualites","10":"tag-eu","11":"tag-europe","12":"tag-fr","13":"tag-france","14":"tag-ile-de-france","15":"tag-news","16":"tag-nouvel-an","17":"tag-paris","18":"tag-ratp","19":"tag-republique-francaise","20":"tag-transports-en-commun"},"share_on_mastodon":{"url":"https:\/\/pubeurope.com\/@fr\/115780151248524965","error":""},"_links":{"self":[{"href":"https:\/\/www.europesays.com\/fr\/wp-json\/wp\/v2\/posts\/621518","targetHints":{"allow":["GET"]}}],"collection":[{"href":"https:\/\/www.europesays.com\/fr\/wp-json\/wp\/v2\/posts"}],"about":[{"href":"https:\/\/www.europesays.com\/fr\/wp-json\/wp\/v2\/types\/post"}],"author":[{"embeddable":true,"href":"https:\/\/www.europesays.com\/fr\/wp-json\/wp\/v2\/users\/2"}],"replies":[{"embeddable":true,"href":"https:\/\/www.europesays.com\/fr\/wp-json\/wp\/v2\/comments?post=621518"}],"version-history":[{"count":0,"href":"https:\/\/www.europesays.com\/fr\/wp-json\/wp\/v2\/posts\/621518\/revisions"}],"wp:featuredmedia":[{"embeddable":true,"href":"https:\/\/www.europesays.com\/fr\/wp-json\/wp\/v2\/media\/621519"}],"wp:attachment":[{"href":"https:\/\/www.europesays.com\/fr\/wp-json\/wp\/v2\/media?parent=621518"}],"wp:term":[{"taxonomy":"category","embeddable":true,"href":"https:\/\/www.europesays.com\/fr\/wp-json\/wp\/v2\/categories?post=621518"},{"taxonomy":"post_tag","embeddable":true,"href":"https:\/\/www.europesays.com\/fr\/wp-json\/wp\/v2\/tags?post=621518"}],"curies":[{"name":"wp","href":"https:\/\/api.w.org\/{rel}","templated":true}]}}