{"id":621520,"date":"2025-12-25T12:14:17","date_gmt":"2025-12-25T12:14:17","guid":{"rendered":"https:\/\/www.europesays.com\/fr\/621520\/"},"modified":"2025-12-25T12:14:17","modified_gmt":"2025-12-25T12:14:17","slug":"carte-depots-jardins-collectes-ou-deposer-son-sapin-a-paris-apres-les-fetes-de-noel","status":"publish","type":"post","link":"https:\/\/www.europesays.com\/fr\/621520\/","title":{"rendered":"CARTE. D\u00e9p\u00f4ts, jardins, collectes&#8230; O\u00f9 d\u00e9poser son sapin \u00e0 Paris apr\u00e8s les f\u00eates de No\u00ebl\u00a0?"},"content":{"rendered":"<p>                    Par<br \/>\n        <strong><br \/>\n            <a href=\"https:\/\/actu.fr\/auteur\/thomas-rideau\" title=\"Consulter tous les articles de Thomas Rideau\" target=\"_blank\" rel=\"noopener\">Thomas Rideau<\/a><br \/>\n                    <\/strong><\/p>\n<p>        Publi\u00e9 le<\/p>\n<p>            25 d\u00e9c. 2025 \u00e0 12h27        <\/p>\n<p>Oui, oui, <a href=\"https:\/\/actu.fr\/tag\/noel\" target=\"_blank\" rel=\"noopener\">No\u00ebl<\/a> est sur le point de se terminer. Et la <strong>silhouette sympathique<\/strong> de ce g\u00e9ant vert dans votre salon va rapidement devenir incongrue au fil des jours. Nous sommes navr\u00e9s de vous l\u2019annoncer ainsi\u2009: vous allez devoir vous s\u00e9parer de votre <strong>sapin<\/strong>. <a href=\"https:\/\/actu.fr\/paris\/\" target=\"_blank\" rel=\"noopener\">La ville de Pari<\/a>s a pr\u00e9vu de quoi r\u00e9ceptionner votre conif\u00e8re.<\/p>\n<p>Votre sapin va devenir un d\u00e9sherbant naturel<\/p>\n<p class=\" wall-content\">Diff\u00e9rents <strong>points de collecte<\/strong>\u00a0sont install\u00e9s dans toute la capitale. Pour la plupart, ils seront ouverts jusqu\u2019au 20\u00a0janvier 2026. Ces points de collecte vont permettre aux sapins d\u2019avoir une seconde vie tr\u00e8s utile.<\/p>\n<p class=\" wall-content\">\u00ab\u2009Le broyat de sapin est tr\u00e8s utile. Utilis\u00e9 <strong>sous forme de paillage<\/strong> r\u00e9pandu au pied des massifs et sur les sentiers, il permet de r\u00e9duire de fa\u00e7on \u00e9cologique l\u2019apparition des herbes libres, de limiter l\u2019\u00e9vaporation de l\u2019eau et de favoriser le d\u00e9veloppement des micro-organismes souterrains\u2009\u00bb, indique la collectivit\u00e9.<\/p>\n<p>    <img   decoding=\"async\" loading=\"lazy\" src=\"https:\/\/www.europesays.com\/fr\/wp-content\/uploads\/2025\/12\/capture-decran-2025-12-25-114012-960x640.jpg\" alt=\"O\u00f9 d\u00e9poser son sapin apr\u00e8s les f\u00eates de No\u00ebl \u00e0 Paris ? La municipalit\u00e9 a fait une carte pour r\u00e9pondre \u00e0 la question.\" width=\"960\" height=\"640\"\/><br \/>\n    O\u00f9 d\u00e9poser son sapin apr\u00e8s les f\u00eates de No\u00ebl \u00e0 Paris\u2009? La municipalit\u00e9 a fait une carte pour r\u00e9pondre \u00e0 la question. (\u00a9Ville de Paris)<\/p>\n<p class=\" wall-content\">L\u2019ann\u00e9e derni\u00e8re 110\u2009000 sapins avaient \u00e9t\u00e9 d\u00e9pos\u00e9s par les Parisiens, ce qui repr\u00e9sente 2\u2009500\u00a0m3 de broyat.<\/p>\n<p>Pour retrouver tous les points de collecte\u2009: <a href=\"https:\/\/www.paris.fr\/pages\/recyclons-nos-sapins-3193\" target=\"_blank\" rel=\"noopener\">c\u2019est par ici<\/a><\/p>\n<p class=\" wall-content\">Et si vous loupez la date limite\u2009? Vous pouvez toujours sortir votre sapin en m\u00eame temps que les bacs d\u2019ordures m\u00e9nag\u00e8res. Il sera directement pris par les camions bennes de collecte. Notez que si vous avez opt\u00e9 pour un sapin de plus de 2,5 m\u00e8tres, il faudra le couper en deux.<\/p>\n<p class=\" wall-content\">Personnalisez votre actualit\u00e9 en ajoutant vos villes et m\u00e9dias en favori avec <a href=\"https:\/\/moncompte.actu.fr\" title=\"D\u00e9couvez Mon Actu\" rel=\"nofollow noopener\" data-trk=\"{&quot;cta&quot;:{&quot;action&quot;:&quot;https:\\\/\\\/moncompte.actu.fr&quot;,&quot;category&quot;:&quot;mon compte&quot;,&quot;from&quot;:&quot;article footer&quot;,&quot;name&quot;:&quot;Mon actu&quot;,&quot;type&quot;:&quot;cta&quot;}}\" target=\"_blank\">Mon Actu<\/a>.<\/p>\n","protected":false},"excerpt":{"rendered":"Par Thomas Rideau Publi\u00e9 le 25 d\u00e9c. 2025 \u00e0 12h27 Oui, oui, No\u00ebl est sur le point de&hellip;\n","protected":false},"author":2,"featured_media":621521,"comment_status":"","ping_status":"","sticky":false,"template":"","format":"standard","meta":{"footnotes":""},"categories":[1888],"tags":[1111,1928,11,1927,1777,674,1011,27,12,1926,15830,626,1925,25,104],"class_list":{"0":"post-621520","1":"post","2":"type-post","3":"status-publish","4":"format-standard","5":"has-post-thumbnail","7":"category-paris","8":"tag-actu","9":"tag-actu-paris","10":"tag-actualites","11":"tag-actualites-paris","12":"tag-eu","13":"tag-europe","14":"tag-fr","15":"tag-france","16":"tag-news","17":"tag-news-paris","18":"tag-noel","19":"tag-paris","20":"tag-paris-news","21":"tag-republique-francaise","22":"tag-societe"},"share_on_mastodon":{"url":"https:\/\/pubeurope.com\/@fr\/115780156503383355","error":""},"_links":{"self":[{"href":"https:\/\/www.europesays.com\/fr\/wp-json\/wp\/v2\/posts\/621520","targetHints":{"allow":["GET"]}}],"collection":[{"href":"https:\/\/www.europesays.com\/fr\/wp-json\/wp\/v2\/posts"}],"about":[{"href":"https:\/\/www.europesays.com\/fr\/wp-json\/wp\/v2\/types\/post"}],"author":[{"embeddable":true,"href":"https:\/\/www.europesays.com\/fr\/wp-json\/wp\/v2\/users\/2"}],"replies":[{"embeddable":true,"href":"https:\/\/www.europesays.com\/fr\/wp-json\/wp\/v2\/comments?post=621520"}],"version-history":[{"count":0,"href":"https:\/\/www.europesays.com\/fr\/wp-json\/wp\/v2\/posts\/621520\/revisions"}],"wp:featuredmedia":[{"embeddable":true,"href":"https:\/\/www.europesays.com\/fr\/wp-json\/wp\/v2\/media\/621521"}],"wp:attachment":[{"href":"https:\/\/www.europesays.com\/fr\/wp-json\/wp\/v2\/media?parent=621520"}],"wp:term":[{"taxonomy":"category","embeddable":true,"href":"https:\/\/www.europesays.com\/fr\/wp-json\/wp\/v2\/categories?post=621520"},{"taxonomy":"post_tag","embeddable":true,"href":"https:\/\/www.europesays.com\/fr\/wp-json\/wp\/v2\/tags?post=621520"}],"curies":[{"name":"wp","href":"https:\/\/api.w.org\/{rel}","templated":true}]}}