{"id":621522,"date":"2025-12-25T12:15:19","date_gmt":"2025-12-25T12:15:19","guid":{"rendered":"https:\/\/www.europesays.com\/fr\/621522\/"},"modified":"2025-12-25T12:15:19","modified_gmt":"2025-12-25T12:15:19","slug":"le-corps-dune-femme-partiellement-denude-decouvert-en-plein-paris","status":"publish","type":"post","link":"https:\/\/www.europesays.com\/fr\/621522\/","title":{"rendered":"Le corps d\u2019une femme partiellement d\u00e9nud\u00e9 d\u00e9couvert en plein Paris"},"content":{"rendered":"<p>Une d\u00e9couverte macabre, <strong>la seconde, au moins, en deux jours \u00e0 peine<\/strong>. <a href=\"https:\/\/www.femmeactuelle.fr\/actu\/news-actu\/le-corps-sans-vie-d-une-femme-denudee-gisant-au-sol-decouvert-pres-de-perpignan-2202643\" target=\"_blank\" rel=\"noopener\">Le corps sans vie d\u2019une femme \u00e2g\u00e9e de 60 ans<\/a> a \u00e9t\u00e9 retrouv\u00e9 dans la zone commerciale Porte d\u2019Espagne de Perpignan ce mardi 23 d\u00e9cembre 2025. Cette femme trouv\u00e9e par les employ\u00e9s du magasin Kiabi \u00ab\u00a0gisait au sol, \u00e0 plat ventre, partiellement d\u00e9v\u00eatue, une touffe de cheveux dans une main et pr\u00e9sentait des traces de coups\u00a0\u00bb, comme l\u2019avaient r\u00e9v\u00e9l\u00e9 les premiers \u00e9l\u00e9ments de l\u2019enqu\u00eate obtenus par le quotidien Le Parisien. Ce mercredi 24 d\u00e9cembre 2025, <strong>c\u2019est <\/strong><a href=\"https:\/\/www.femmeactuelle.fr\/actu\/news-actu\/une-nouvelle-extremement-douloureuse-le-corps-d-une-femme-de-47-ans-retrouve-6-mois-apres-sa-disparition-en-haute-garonne-2199384\" target=\"_blank\" rel=\"noopener\"><strong>le corps sans vie d\u2019une autre femme<\/strong><\/a><strong> qui a \u00e9t\u00e9 d\u00e9couvert dans les parties communes d\u2019un immeuble du 18e arrondissement de Paris<\/strong>.<\/p>\n<p>Cette fois, c\u2019est le quotidien Sud-Ouest, avec l\u2019AFP, qui a r\u00e9v\u00e9l\u00e9 l\u2019information ce jeudi 25 d\u00e9cembre 2025, pr\u00e9cisant \u00e9galement que la victime \u00e9tait en partie d\u00e9v\u00eatue. <strong>Une enqu\u00eate a \u00e9t\u00e9 ouverte pour faire toute la lumi\u00e8re sur ce qui a bien pu se passer. <\/strong>Les faits pourraient s\u2019inscrire dans le prolongement d\u2019une rencontre faite pr\u00e8s de la gare Saint-Lazare la veille. Une habitante de l\u2019immeuble o\u00f9 a \u00e9t\u00e9 retrouv\u00e9e la femme a expliqu\u00e9 avoir <strong>rencontr\u00e9 un homme et une femme avant de les inviter chez elle<\/strong>, d\u2019apr\u00e8s une source polici\u00e8re. Le trio aurait consomm\u00e9 de l\u2019alcool et de la drogue, du LSD, durant la nuit.<\/p>\n<p><strong>Des faits encore confus pour savoir ce qu\u2019il s\u2019est pass\u00e9<\/strong><\/p>\n<p>Le corps de la victime a \u00e9t\u00e9 d\u00e9couvert quand l\u2019homme a quitt\u00e9 l\u2019appartement de la femme sur les coups de 8 h 20, comme l\u2019a \u00e9galement indiqu\u00e9 la source polici\u00e8re. <strong>Ce qui s\u2019est pass\u00e9 durant cette soir\u00e9e du r\u00e9veillon de No\u00ebl <\/strong><a href=\"https:\/\/www.femmeactuelle.fr\/actu\/news-actu\/les-circonstances-sont-tres-floues-le-corps-dune-femme-retrouve-sous-une-tombe-pres-de-toulouse-intrigue-les-enqueteurs-2199138\" target=\"_blank\" rel=\"noopener\"><strong>reste encore tr\u00e8s confus<\/strong><\/a> puisque la police avait fait le d\u00e9placement jusqu\u2019\u00e0 cet immeuble apr\u00e8s avoir re\u00e7u un appel aux alentours de 2 heures du matin signalant des hurlements dans l\u2019immeuble. \u00c0 leur arriv\u00e9e, <strong>les policiers n\u2019avaient pas r\u00e9ussi \u00e0 d\u00e9terminer d\u2019o\u00f9 les cris avaient pu \u00eatre \u00e9mis et \u00e9taient repartis<\/strong>. L\u2019enqu\u00eate pour faire la lumi\u00e8re sur cette affaire a \u00e9t\u00e9 confi\u00e9e au commissariat du 18e arrondissement de la capitale fran\u00e7aise.<\/p>\n<p>Sources<\/p>\n<p>Sud-Ouest, 25\/12\/2025 : <a href=\"https:\/\/www.sudouest.fr\/ile-de-france\/paris\/le-corps-partiellement-devetu-d-une-femme-decouvert-dans-la-cour-d-un-immeuble-a-paris-27211680.php\" rel=\"nofollow noopener\" target=\"_blank\">Le corps partiellement d\u00e9v\u00eatu d\u2019une femme d\u00e9couvert dans la cour d\u2019un immeuble \u00e0 Paris<\/a><\/p>\n<p>Le Parisien, 24\/12\/2025 &#8211; <a href=\"https:\/\/www.leparisien.fr\/faits-divers\/une-femme-denudee-retrouvee-morte-pres-dun-centre-commercial-a-perpignan-24-12-2025-6YJNVVANKJBWREDQH3YJXY26RI.php\" target=\"_blank\" rel=\"noopener\">Une femme d\u00e9nud\u00e9e retrouv\u00e9e morte pr\u00e8s d\u2019un centre commercial \u00e0 Perpignan<\/a><\/p>\n","protected":false},"excerpt":{"rendered":"Une d\u00e9couverte macabre, la seconde, au moins, en deux jours \u00e0 peine. Le corps sans vie d\u2019une femme&hellip;\n","protected":false},"author":2,"featured_media":621523,"comment_status":"","ping_status":"","sticky":false,"template":"","format":"standard","meta":{"footnotes":""},"categories":[1888],"tags":[1111,1928,11,1927,11247,1777,674,118,1011,27,18,12,1926,626,1925,1072,25],"class_list":{"0":"post-621522","1":"post","2":"type-post","3":"status-publish","4":"format-standard","5":"has-post-thumbnail","7":"category-paris","8":"tag-actu","9":"tag-actu-paris","10":"tag-actualites","11":"tag-actualites-paris","12":"tag-enquu00eate","13":"tag-eu","14":"tag-europe","15":"tag-faits-divers","16":"tag-fr","17":"tag-france","18":"tag-mort","19":"tag-news","20":"tag-news-paris","21":"tag-paris","22":"tag-paris-news","23":"tag-police","24":"tag-republique-francaise"},"share_on_mastodon":{"url":"https:\/\/pubeurope.com\/@fr\/115780158938566801","error":""},"_links":{"self":[{"href":"https:\/\/www.europesays.com\/fr\/wp-json\/wp\/v2\/posts\/621522","targetHints":{"allow":["GET"]}}],"collection":[{"href":"https:\/\/www.europesays.com\/fr\/wp-json\/wp\/v2\/posts"}],"about":[{"href":"https:\/\/www.europesays.com\/fr\/wp-json\/wp\/v2\/types\/post"}],"author":[{"embeddable":true,"href":"https:\/\/www.europesays.com\/fr\/wp-json\/wp\/v2\/users\/2"}],"replies":[{"embeddable":true,"href":"https:\/\/www.europesays.com\/fr\/wp-json\/wp\/v2\/comments?post=621522"}],"version-history":[{"count":0,"href":"https:\/\/www.europesays.com\/fr\/wp-json\/wp\/v2\/posts\/621522\/revisions"}],"wp:featuredmedia":[{"embeddable":true,"href":"https:\/\/www.europesays.com\/fr\/wp-json\/wp\/v2\/media\/621523"}],"wp:attachment":[{"href":"https:\/\/www.europesays.com\/fr\/wp-json\/wp\/v2\/media?parent=621522"}],"wp:term":[{"taxonomy":"category","embeddable":true,"href":"https:\/\/www.europesays.com\/fr\/wp-json\/wp\/v2\/categories?post=621522"},{"taxonomy":"post_tag","embeddable":true,"href":"https:\/\/www.europesays.com\/fr\/wp-json\/wp\/v2\/tags?post=621522"}],"curies":[{"name":"wp","href":"https:\/\/api.w.org\/{rel}","templated":true}]}}