{"id":621528,"date":"2025-12-25T12:19:15","date_gmt":"2025-12-25T12:19:15","guid":{"rendered":"https:\/\/www.europesays.com\/fr\/621528\/"},"modified":"2025-12-25T12:19:15","modified_gmt":"2025-12-25T12:19:15","slug":"le-pape-appelle-lukraine-et-la-russie-a-trouver-le-couragede-dialoguer-directement-actualites","status":"publish","type":"post","link":"https:\/\/www.europesays.com\/fr\/621528\/","title":{"rendered":"Le pape appelle l&rsquo;Ukraine et la Russie \u00e0 trouver le \u00ab\u00a0courage\u00a0\u00bbde dialoguer directement : Actualit\u00e9s"},"content":{"rendered":"<p class=\"lead \">Le pape L\u00e9on XIV a appel\u00e9 jeudi l&rsquo;Ukraine et la Russie \u00e0 trouver \u00ab\u00a0le courage de dialoguer directement et fustig\u00e9 les \u00ab\u00a0blessures ouvertes\u00a0\u00bb laiss\u00e9es par les guerres, \u00e0 l&rsquo;occasion de son premier message de No\u00ebl.<\/p>\n<p class=\"lead \">Le pape am\u00e9ricain a \u00e9galement dit penser aux \u00ab\u00a0tentes de Gaza, expos\u00e9es depuis des semaines \u00e0 la pluie, au vent et au froid\u00a0\u00bb, alors que des centaines de milliers de Gazaouis font face aux pluies hivernales dans des conditions extr\u00eames.<\/p>\n<p class=\"lead \">Assombrie par les conflits et polarisations politiques, l&rsquo;ann\u00e9e 2025 s&rsquo;ach\u00e8ve avec des sources d&rsquo;esp\u00e9rance pour la communaut\u00e9 chr\u00e9tienne qui a c\u00e9l\u00e9br\u00e9 son premier No\u00ebl festif \u00e0 Bethl\u00e9em, en Cisjordanie occup\u00e9e, depuis le d\u00e9but de la guerre \u00e0 Gaza.<\/p>\n<p class=\"lead \"> Mais l&rsquo;appel du souverain pontife \u00e0 une tr\u00eave d&rsquo;un jour dans le monde n&rsquo;a pas \u00e9t\u00e9 entendu en Ukraine, o\u00f9 la guerre fait rage depuis pr\u00e8s de quatre ans.<\/p>\n<p class=\"lead \">Lors de sa traditionnelle b\u00e9n\u00e9diction \u00ab\u00a0Urbi et Orbi\u00a0\u00bb (\u00e0 la ville et au monde), L\u00e9on XIV a exhort\u00e9 les parties impliqu\u00e9es \u00e0 \u00ab\u00a0trouver le courage de dialoguer de mani\u00e8re sinc\u00e8re, directe et respectueuse\u00a0\u00bb alors que Moscou et Kiev n\u00e9gocient s\u00e9par\u00e9ment depuis plusieurs semaines le plan am\u00e9ricain.<\/p>\n<p class=\"lead \">Depuis l&rsquo;invasion de l&rsquo;Ukraine par les troupes russes en f\u00e9vrier 2022, la guerre a fait des dizaines de milliers de morts, des millions de d\u00e9plac\u00e9s et d\u00e9vast\u00e9 l&rsquo;est du pays.<\/p>\n<p class=\"lead \">Pour son premier No\u00ebl depuis son \u00e9lection en mai, le chef de l&rsquo;Eglise catholique s&rsquo;est livr\u00e9 \u00e0 un tour d&rsquo;horizon des conflits internationaux devant 26.000 fid\u00e8les mass\u00e9s sur la place Saint-Pierre par un temps pluvieux, \u00e9voquant 15 pays dont Ha\u00efti, le Mali, la Syrie ou la Birmanie.<\/p>\n<p class=\"lead \">Quelques minutes plus t\u00f4t, il avait fustig\u00e9 lors de la messe les guerres qui \u00ab\u00a0laissent derri\u00e8re elles des ruines et des blessures ouvertes\u00a0\u00bb et l'\u00a0\u00bbabsurdit\u00e9\u00a0\u00bb des discours belliqueux qui envoient les jeunes mourir sur le front.<\/p>\n<p class=\"lead \">&#8211; \u00ab\u00a0Nouvelle \u00e8re\u00a0\u00bb &#8211;<\/p>\n<p class=\"lead \">Malgr\u00e9 la grave crise humanitaire, la tr\u00eave entr\u00e9e en vigueur en octobre \u00e0 Gaza, bien que fragile, a permis le retour des c\u00e9l\u00e9brations festives \u00e0 Bethl\u00e9em, berceau du christianisme en Cisjordanie occup\u00e9e.<\/p>\n<p class=\"lead \">Des centaines de fid\u00e8les se sont mass\u00e9s \u00e0 l&rsquo;approche de minuit dans la basilique de la Nativit\u00e9, comble au point qu&rsquo;ils \u00e9taient nombreux \u00e0 \u00eatre assis \u00e0 m\u00eame le sol.<\/p>\n<p class=\"lead \">Les c\u00e9l\u00e9brations de No\u00ebl de ces deux derni\u00e8res ann\u00e9es y avaient \u00e9t\u00e9 ternies par la guerre d\u00e9vastatrice \u00e0 Gaza d\u00e9clench\u00e9e par l&rsquo;attaque sans pr\u00e9c\u00e9dent du mouvement islamiste palestinien Hamas le 7 octobre 2023.<\/p>\n<p class=\"lead \">Par solidarit\u00e9 avec les Palestiniens du territoire, les festivit\u00e9s avaient \u00e9t\u00e9 annul\u00e9es mais cette ann\u00e9e, avec la tr\u00eave, l&rsquo;immense sapin de No\u00ebl s&rsquo;est de nouveau illumin\u00e9 devant la basilique de la Nativit\u00e9.<\/p>\n<p class=\"lead \"> Comme ailleurs dans la r\u00e9gion et au Moyen-Orient, les chr\u00e9tiens repr\u00e9sentent une minorit\u00e9 en Terre sainte, avec une communaut\u00e9 de 185.000 personnes en Isra\u00ebl et 47.000 dans les Territoires palestiniens.<\/p>\n<p class=\"lead \">Mercredi soir, des dizaines d&rsquo;hommes, de femmes et d&rsquo;enfants ont assist\u00e9 \u00e0 la messe dans la seule \u00e9glise catholique romaine du territoire palestinien, \u00e0 Gaza City.<\/p>\n<p class=\"lead \">Parmi eux, Elias Al-Jalda, un chr\u00e9tien palestinien, a confi\u00e9 \u00e0 l&rsquo;AFP son espoir de voir \u00ab\u00a0le retour de la vie \u00e0 Gaza\u00a0\u00bb et le \u00ab\u00a0d\u00e9but d&rsquo;une nouvelle \u00e8re\u00a0\u00bb dans l&rsquo;ann\u00e9e \u00e0 venir.<\/p>\n<p class=\"lead \">Lors de la messe, le patriarche latin de J\u00e9rusalem, le cardinal Pierbattista Pizzaballa, a d\u00e9livr\u00e9 une hom\u00e9lie pour la paix, l&rsquo;espoir et le renouveau, face aux d\u00e9cisions politiques et \u00e9quilibres de pouvoirs qui \u00ab\u00a0semblent souvent d\u00e9terminer le destin des peuples\u00a0\u00bb.<\/p>\n<p class=\"lead \">&#8211; Politique et intemp\u00e9ries &#8211;<\/p>\n<p class=\"lead \">Tranchant avec les discours des dirigeants religieux, Donald Trump a souhait\u00e9 un joyeux No\u00ebl \u00ab\u00a0\u00e0 tous, y compris aux pourritures de gauche radicale\u00a0\u00bb, en r\u00e9f\u00e9rence \u00e0 ses opposants d\u00e9mocrates.<\/p>\n<p class=\"lead \">Mais au-del\u00e0 du climat politique \u00e9lectrique aux Etats-Unis depuis son retour \u00e0 la Maison Blanche en janvier, ce sont des intemp\u00e9ries majeures qui viennent perturber les f\u00eates de fin d&rsquo;ann\u00e9e en Californie.<\/p>\n<p class=\"lead \">Craignant de dangereuses inondations, les autorit\u00e9s ont d\u00e9cr\u00e9t\u00e9 l&rsquo;\u00e9tat d&rsquo;urgence \u00e0 Los Angeles et ordonn\u00e9 l&rsquo;\u00e9vacuation de centaines de foyers.<\/p>\n<p class=\"lead \">En Australie, la fin d&rsquo;ann\u00e9e est assombrie par l&rsquo;attentat antis\u00e9mite de Bondi qui a fait 15 morts le 14 d\u00e9cembre.<\/p>\n<p class=\"lead \">Dans le sud-ouest de la France, des agriculteurs mobilis\u00e9s contre la grave crise frappant leur secteur ont pr\u00e9f\u00e9r\u00e9 passer le r\u00e9veillon en bloquant une autoroute, o\u00f9 des habitants leur ont apport\u00e9 hu\u00eetres et b\u00fbches, plut\u00f4t qu&rsquo;en famille.<\/p>\n<p class=\"lead \">Ils se disent pr\u00eats \u00e0 faire de m\u00eame pour le Nouvel an, comme l&rsquo;a assur\u00e9 l&rsquo;un d&rsquo;eux, Fr\u00e9d\u00e9ric Meynard: \u00ab\u00a0On ne l&rsquo;esp\u00e8re pas, mais s&rsquo;il faut en arriver l\u00e0 on le fera\u00a0\u00bb.<\/p>\n<p class=\"small font-weight-bold text-gray3 \"> publi\u00e9 le 25 d\u00e9cembre \u00e0 12h57, AFP<\/p>\n<p>                             Partager<\/p>\n","protected":false},"excerpt":{"rendered":"Le pape L\u00e9on XIV a appel\u00e9 jeudi l&rsquo;Ukraine et la Russie \u00e0 trouver \u00ab\u00a0le courage de dialoguer directement&hellip;\n","protected":false},"author":2,"featured_media":621529,"comment_status":"","ping_status":"","sticky":false,"template":"","format":"standard","meta":{"footnotes":""},"categories":[1591],"tags":[11,4296,2120,1887,12,63629,12672,4020,1885,1886,132,4193],"class_list":{"0":"post-621528","1":"post","2":"type-post","3":"status-publish","4":"format-standard","5":"has-post-thumbnail","7":"category-russie","8":"tag-actualites","9":"tag-christianisme","10":"tag-conflit","11":"tag-federation-de-russie","12":"tag-news","13":"tag-nol","14":"tag-pape","15":"tag-religion","16":"tag-russia","17":"tag-russian-federation","18":"tag-russie","19":"tag-vatican"},"share_on_mastodon":{"url":"https:\/\/pubeurope.com\/@fr\/115780174760898095","error":""},"_links":{"self":[{"href":"https:\/\/www.europesays.com\/fr\/wp-json\/wp\/v2\/posts\/621528","targetHints":{"allow":["GET"]}}],"collection":[{"href":"https:\/\/www.europesays.com\/fr\/wp-json\/wp\/v2\/posts"}],"about":[{"href":"https:\/\/www.europesays.com\/fr\/wp-json\/wp\/v2\/types\/post"}],"author":[{"embeddable":true,"href":"https:\/\/www.europesays.com\/fr\/wp-json\/wp\/v2\/users\/2"}],"replies":[{"embeddable":true,"href":"https:\/\/www.europesays.com\/fr\/wp-json\/wp\/v2\/comments?post=621528"}],"version-history":[{"count":0,"href":"https:\/\/www.europesays.com\/fr\/wp-json\/wp\/v2\/posts\/621528\/revisions"}],"wp:featuredmedia":[{"embeddable":true,"href":"https:\/\/www.europesays.com\/fr\/wp-json\/wp\/v2\/media\/621529"}],"wp:attachment":[{"href":"https:\/\/www.europesays.com\/fr\/wp-json\/wp\/v2\/media?parent=621528"}],"wp:term":[{"taxonomy":"category","embeddable":true,"href":"https:\/\/www.europesays.com\/fr\/wp-json\/wp\/v2\/categories?post=621528"},{"taxonomy":"post_tag","embeddable":true,"href":"https:\/\/www.europesays.com\/fr\/wp-json\/wp\/v2\/tags?post=621528"}],"curies":[{"name":"wp","href":"https:\/\/api.w.org\/{rel}","templated":true}]}}