{"id":621544,"date":"2025-12-25T12:27:14","date_gmt":"2025-12-25T12:27:14","guid":{"rendered":"https:\/\/www.europesays.com\/fr\/621544\/"},"modified":"2025-12-25T12:27:14","modified_gmt":"2025-12-25T12:27:14","slug":"une-femme-retrouvee-morte-dans-la-cour-interieure-dun-immeuble-une-enquete-ouverte-pour-meurtre","status":"publish","type":"post","link":"https:\/\/www.europesays.com\/fr\/621544\/","title":{"rendered":"une femme retrouv\u00e9e morte dans la cour int\u00e9rieure d\u2019un immeuble, une enqu\u00eate ouverte pour meurtre"},"content":{"rendered":"<p>\n    Dans la nuit, vers 02h00, la police avait re\u00e7u un appel leur signalant des hurlements de femme dans cet immeuble.<\/p>\n<p class=\"fig-paragraph\">Une enqu\u00eate pour meurtre a \u00e9t\u00e9 ouverte apr\u00e8s la d\u00e9couverte du corps d\u2019une trentenaire, mercredi matin, dans la cour int\u00e9rieure d\u2019un immeuble du\u00a0<a href=\"https:\/\/www.lefigaro.fr\/gastronomie\/les-10-meilleurs-restaurants-de-paris-18e-a-moins-de-50-euros-20240301\" target=\"_blank\" data-fig-type=\"Article\" rel=\"noopener\" data-gtm-custom-categorie=\"navigation\" data-gtm-custom-action=\"crossclick\" data-gtm-custom-label=\"Contextuel\" data-gtm-event=\"customEventSPE\" data-fig-domain=\"LEFIGARO\">18e arrondissement<\/a>\u00a0de Paris. Celle-ci aurait fait une chute de plusieurs \u00e9tages depuis un appartement, a-t-on appris jeudi de sources concordantes. La victime \u00e9tait en partie d\u00e9v\u00eatue, a pr\u00e9cis\u00e9 une source polici\u00e8re.<\/p>\n<p class=\"fig-paragraph\">\u00abAucune piste n\u2019est privil\u00e9gi\u00e9e \u00e0 ce stade\u00bb et la qualification d\u2019homicide volontaire \u00abpourra \u00eatre r\u00e9interrog\u00e9e au terme des investigations (qui) tendront \u00e0 faire la lumi\u00e8re sur les circonstances de la chute\u00bb, a pr\u00e9cis\u00e9 le parquet de Paris \u00e0 l\u2019AFP. L\u2019enqu\u00eate a \u00e9t\u00e9 confi\u00e9e au commissariat du 18e arrondissement.<\/p>\n<p>                                            <a class=\"fig-a11y-skip\" href=\"#fig-a11y-skip-main-inarticle\" data-module=\"a11y-skip\" data-context=\"was @visible\"><br \/>\n    Passer la publicit\u00e9<br \/>\n<\/a>            <\/p>\n<p class=\"fig-paragraph\">Une autre femme, locataire d&rsquo;un appartement au 5e \u00e9tage de cet immeuble, a expliqu\u00e9 aux policiers avoir rencontr\u00e9 la veille un homme et une femme pr\u00e8s de\u00a0<a href=\"http:\/\/www.lefigaro.fr\/faits-divers\/paris-un-incendie-en-cours-dans-un-immeuble-en-face-de-la-gare-saint-lazare-20241224\" data-fig-type=\"NewsFlash\" data-gtm-custom-categorie=\"navigation\" data-gtm-custom-action=\"crossclick\" data-gtm-custom-label=\"Contextuel\" data-gtm-event=\"customEventSPE\" data-fig-domain=\"LEFIGARO\" target=\"_blank\" rel=\"noopener\">la gare Saint-Lazare<\/a>\u00a0et les avoir invit\u00e9s chez elle, a relat\u00e9 la source polici\u00e8re.<\/p>\n<p>                                            Des policiers s\u2019\u00e9taient rendus sur place<\/p>\n<p class=\"fig-paragraph\">Elle a \u00e9galement racont\u00e9 de mani\u00e8re confuse avoir consomm\u00e9 avec eux de l&rsquo;alcool et de la drogue, du LSD, dans la nuit, a-t-on poursuivi de m\u00eame source. C&rsquo;est au moment o\u00f9 l&rsquo;homme a quitt\u00e9 son appartement vers 8h20 que le corps de la victime a \u00e9t\u00e9 d\u00e9couvert dans la cour int\u00e9rieure de l&rsquo;immeuble, selon la source polici\u00e8re.<\/p>\n<p class=\"fig-paragraph\">Dans la nuit, vers 2 heures, la police avait re\u00e7u un appel leur signalant des hurlements de femme dans cet immeuble. Des policiers s&rsquo;\u00e9taient rendus sur place mais n&rsquo;avaient pas pu identifier d&rsquo;o\u00f9 avaient pu provenir les cris. L&rsquo;enqu\u00eate a \u00e9t\u00e9 confi\u00e9e au commissariat du 18e arrondissement.<\/p>\n","protected":false},"excerpt":{"rendered":"Dans la nuit, vers 02h00, la police avait re\u00e7u un appel leur signalant des hurlements de femme dans&hellip;\n","protected":false},"author":2,"featured_media":621545,"comment_status":"","ping_status":"","sticky":false,"template":"","format":"standard","meta":{"footnotes":""},"categories":[2],"tags":[11,1011,27,18,12,626,25],"class_list":{"0":"post-621544","1":"post","2":"type-post","3":"status-publish","4":"format-standard","5":"has-post-thumbnail","7":"category-actualites","8":"tag-actualites","9":"tag-fr","10":"tag-france","11":"tag-mort","12":"tag-news","13":"tag-paris","14":"tag-republique-francaise"},"share_on_mastodon":{"url":"https:\/\/pubeurope.com\/@fr\/115780206215447068","error":""},"_links":{"self":[{"href":"https:\/\/www.europesays.com\/fr\/wp-json\/wp\/v2\/posts\/621544","targetHints":{"allow":["GET"]}}],"collection":[{"href":"https:\/\/www.europesays.com\/fr\/wp-json\/wp\/v2\/posts"}],"about":[{"href":"https:\/\/www.europesays.com\/fr\/wp-json\/wp\/v2\/types\/post"}],"author":[{"embeddable":true,"href":"https:\/\/www.europesays.com\/fr\/wp-json\/wp\/v2\/users\/2"}],"replies":[{"embeddable":true,"href":"https:\/\/www.europesays.com\/fr\/wp-json\/wp\/v2\/comments?post=621544"}],"version-history":[{"count":0,"href":"https:\/\/www.europesays.com\/fr\/wp-json\/wp\/v2\/posts\/621544\/revisions"}],"wp:featuredmedia":[{"embeddable":true,"href":"https:\/\/www.europesays.com\/fr\/wp-json\/wp\/v2\/media\/621545"}],"wp:attachment":[{"href":"https:\/\/www.europesays.com\/fr\/wp-json\/wp\/v2\/media?parent=621544"}],"wp:term":[{"taxonomy":"category","embeddable":true,"href":"https:\/\/www.europesays.com\/fr\/wp-json\/wp\/v2\/categories?post=621544"},{"taxonomy":"post_tag","embeddable":true,"href":"https:\/\/www.europesays.com\/fr\/wp-json\/wp\/v2\/tags?post=621544"}],"curies":[{"name":"wp","href":"https:\/\/api.w.org\/{rel}","templated":true}]}}