{"id":621552,"date":"2025-12-25T12:36:25","date_gmt":"2025-12-25T12:36:25","guid":{"rendered":"https:\/\/www.europesays.com\/fr\/621552\/"},"modified":"2025-12-25T12:36:25","modified_gmt":"2025-12-25T12:36:25","slug":"alpes-de-haute-provence-un-cycliste-dans-un-etat-critique-apres-une-chute","status":"publish","type":"post","link":"https:\/\/www.europesays.com\/fr\/621552\/","title":{"rendered":"Alpes-de-Haute-Provence. Un cycliste dans un \u00e9tat critique apr\u00e8s une chute"},"content":{"rendered":"<p>Mercredi 24\u00a0d\u00e9cembre \u00e0 14 heures, un grave accident est survenu entre les communes de Gr\u00e9oux-les-Bains et de Valensole, sur la route d\u00e9partementale 907 (route de Valensole), \u00e0 proximit\u00e9 des Quatre Chemins.<\/p>\n<p>Ce contenu est bloqu\u00e9 car vous n&rsquo;avez pas accept\u00e9 les cookies et autres traceurs.<\/p>\n<p>En cliquant sur \u00ab J\u2019accepte \u00bb, les cookies et autres traceurs seront d\u00e9pos\u00e9s et vous pourrez visualiser les contenus  (<a href=\"\" class=\"consentModule_policy\" target=\"_blank\" title=\"Consulter la politique de protection des donn\u00e9es du fournisseur\">plus d&rsquo;informations<\/a>).<\/p>\n<p>En cliquant sur \u00ab J\u2019accepte tous les cookies \u00bb, vous autorisez des d\u00e9p\u00f4ts de cookies et autres traceurs pour le stockage de vos donn\u00e9es sur nos sites et applications \u00e0 des fins de personnalisation et de ciblage publicitaire.<\/p>\n<p class=\"consentModule_secondaryText\">Vous gardez la possibilit\u00e9 de retirer votre consentement \u00e0 tout moment en consultant notre <a href=\"https:\/\/www.ledauphine.com\/protection-des-donnees\" target=\"_blank\" title=\"Consulter notre politique de protection des donn\u00e9es\" rel=\"noopener\">politique de protection des donn\u00e9es<\/a>. <br \/>&#13;<br \/>\n            <a href=\"https:\/\/www.ledauphine.com\/faits-divers-justice\/2025\/12\/24\/javascript:Didomi.notice.show()\" class=\"consentModule_cmp\" target=\"_blank\" rel=\"noopener\">G\u00e9rer mes choix<\/a>&#13;\n        <\/p>\n<p>&#13;<br \/>\n                        J&rsquo;accepte&#13;<br \/>\n            J&rsquo;accepte tous les cookies&#13;\n        <\/p>\n<p>Un cycliste, n\u00e9 en 1962 selon la gendarmerie, a gri\u00e8vement chut\u00e9 pour une raison inconnue. Celui-ci roulait sur une piste cyclable. Il serait seul en cause dans cet accident.<\/p>\n<p>Quatre sapeurs-pompiers et une \u00e9quipe m\u00e9dicale du Smur04 ont \u00e9t\u00e9 mobilis\u00e9s sur les lieux. L\u2019homme a \u00e9t\u00e9 h\u00e9liport\u00e9 vers un h\u00f4pital de Marseille par la section a\u00e9rienne de la gendarmerie de Digne-les-Bains, pris en charge par deux secouristes du PGHM de Jausiers et un m\u00e9decin Sdis04. Son pronostic vital \u00e9tait engag\u00e9 au moment de son \u00e9vacuation.<\/p>\n","protected":false},"excerpt":{"rendered":"Mercredi 24\u00a0d\u00e9cembre \u00e0 14 heures, un grave accident est survenu entre les communes de Gr\u00e9oux-les-Bains et de Valensole,&hellip;\n","protected":false},"author":2,"featured_media":621553,"comment_status":"","ping_status":"","sticky":false,"template":"","format":"standard","meta":{"footnotes":""},"categories":[1411],"tags":[119,1154,207,10429,4521,274,1011,27,57399,4522,60,73120],"class_list":{"0":"post-621552","1":"post","2":"type-post","3":"status-publish","4":"format-standard","5":"has-post-thumbnail","7":"category-cyclisme","8":"tag-accident","9":"tag-cycling","10":"tag-cyclisme","11":"tag-digne-les-bains","12":"tag-edition-hautes-alpes-alpes-de-haute-provence","13":"tag-faits-divers-justice","14":"tag-fr","15":"tag-france","16":"tag-greoux-les-bains","17":"tag-haute-provence","18":"tag-sports","19":"tag-valensole"},"share_on_mastodon":{"url":"https:\/\/pubeurope.com\/@fr\/115780241665658988","error":""},"_links":{"self":[{"href":"https:\/\/www.europesays.com\/fr\/wp-json\/wp\/v2\/posts\/621552","targetHints":{"allow":["GET"]}}],"collection":[{"href":"https:\/\/www.europesays.com\/fr\/wp-json\/wp\/v2\/posts"}],"about":[{"href":"https:\/\/www.europesays.com\/fr\/wp-json\/wp\/v2\/types\/post"}],"author":[{"embeddable":true,"href":"https:\/\/www.europesays.com\/fr\/wp-json\/wp\/v2\/users\/2"}],"replies":[{"embeddable":true,"href":"https:\/\/www.europesays.com\/fr\/wp-json\/wp\/v2\/comments?post=621552"}],"version-history":[{"count":0,"href":"https:\/\/www.europesays.com\/fr\/wp-json\/wp\/v2\/posts\/621552\/revisions"}],"wp:featuredmedia":[{"embeddable":true,"href":"https:\/\/www.europesays.com\/fr\/wp-json\/wp\/v2\/media\/621553"}],"wp:attachment":[{"href":"https:\/\/www.europesays.com\/fr\/wp-json\/wp\/v2\/media?parent=621552"}],"wp:term":[{"taxonomy":"category","embeddable":true,"href":"https:\/\/www.europesays.com\/fr\/wp-json\/wp\/v2\/categories?post=621552"},{"taxonomy":"post_tag","embeddable":true,"href":"https:\/\/www.europesays.com\/fr\/wp-json\/wp\/v2\/tags?post=621552"}],"curies":[{"name":"wp","href":"https:\/\/api.w.org\/{rel}","templated":true}]}}