{"id":621554,"date":"2025-12-25T12:37:12","date_gmt":"2025-12-25T12:37:12","guid":{"rendered":"https:\/\/www.europesays.com\/fr\/621554\/"},"modified":"2025-12-25T12:37:12","modified_gmt":"2025-12-25T12:37:12","slug":"michele-kang-lache-100-000-euros-pour-faire-plaisir","status":"publish","type":"post","link":"https:\/\/www.europesays.com\/fr\/621554\/","title":{"rendered":"Michele Kang l\u00e2che 100.000 euros pour faire plaisir"},"content":{"rendered":"<p><b>Saint-Cyr Collonges a pass\u00e9 une magnifique soir\u00e9e dimanche en d\u00e9fiant l&rsquo;OL au Groupama Stadium. Le r\u00eave s&rsquo;est prolong\u00e9 dans les jours suivants avec la r\u00e9ception d&rsquo;un ch\u00e8que tr\u00e8s \u00e9lev\u00e9 en provenance de Lyon. <\/b><\/p>\n<p>Le 32e de finale de <a href=\"https:\/\/www.foot01.com\/coupe-de-france\" title=\"Coupe de France\" target=\"_blank\" rel=\"noopener\">Coupe de France<\/a> jou\u00e9 dimanche ne restera pas dans les m\u00e9moires des supporters lyonnais. L&rsquo;<a href=\"https:\/\/www.foot01.com\/ol\" target=\"_self\" rel=\"noopener\">OL<\/a> a battu p\u00e9niblement Saint-Cyr Collonges, club de R\u00e9gional 1, 3-0 au Groupama Stadium. La soir\u00e9e \u00e9tait bien plus m\u00e9morable pour les amateurs du Rh\u00f4ne. Plusieurs joueurs de l&rsquo;\u00e9quipe sont aussi supporters des Gones dans la vie quotidienne. Ils ont pu affronter leur club pr\u00e9f\u00e9r\u00e9, dans un stade immense et devant 25 000 spectateurs. Le FC Saint-Cyr Collonges a aussi r\u00e9alis\u00e9 une belle op\u00e9ration sur le plan financier.L&rsquo;OL offre 100 000 euros \u00e0 Saint-Cyr<\/p>\n<p>L&rsquo;organisation du match de coupe de France a co\u00fbt\u00e9 cher \u00e0 l&rsquo;Olympique Lyonnais et la facture a augment\u00e9 avec une programmation le dimanche soir. Malgr\u00e9 ses soucis de dettes, l&rsquo;OL a maintenu le match dans son stade et a offert une part de l&rsquo;argent r\u00e9colt\u00e9 sur la billetterie \u00e0 son adversaire. Lyon a m\u00eame \u00e9t\u00e9 plus g\u00e9n\u00e9reux que pr\u00e9vu selon RMC Sport. En effet, le 5e de Ligue 1 aurait du donner un tiers des b\u00e9n\u00e9fices. Il a finalement vers\u00e9 un tiers des recettes au FC Saint-Cyr Collonges. Une bonne surprise pour le club amateur qui a touch\u00e9 100 000 euros au total de l&rsquo;OL.\u00a0<\/p>\n<p>\u00ab C&rsquo;est un super cadeau de No\u00ebl. En fait, il y a eu deux<br \/>\ncadeaux de No\u00ebl : Le premier, c&rsquo;est d&rsquo;avoir pu \u00e9voluer au Groupama<br \/>\nStadium devant 25.000 personnes, ce qui est exceptionnel pour nous et<br \/>\non ne s&rsquo;y attendait pas. Mais le deuxi\u00e8me, c&rsquo;est un tr\u00e8s tr\u00e8s joli<br \/>\ncadeau de No\u00ebl aussi, car les 100.000 euros vont nous donner un<br \/>\nsacr\u00e9 coup de pouce et pouvoir nous aider \u00e0 terminer notre ann\u00e9e<br \/>\net les ann\u00e9es qui vont arriver, tout en investissant sur la<br \/>\njeunesse\u00a0\u00bb, a confi\u00e9 le pr\u00e9sident de Saint-Cyr \u00e0 RMC Sport. Avec ce geste, Michele Kang consolide sa popularit\u00e9 dans le Rh\u00f4ne apr\u00e8s 6 premiers mois \u00e0 la t\u00eate de l&rsquo;OL r\u00e9ussis.<\/p>\n","protected":false},"excerpt":{"rendered":"Saint-Cyr Collonges a pass\u00e9 une magnifique soir\u00e9e dimanche en d\u00e9fiant l&rsquo;OL au Groupama Stadium. Le r\u00eave s&rsquo;est prolong\u00e9&hellip;\n","protected":false},"author":2,"featured_media":621555,"comment_status":"","ping_status":"","sticky":false,"template":"","format":"standard","meta":{"footnotes":""},"categories":[1410],"tags":[83,63,1011,27,241,60],"class_list":{"0":"post-621554","1":"post","2":"type-post","3":"status-publish","4":"format-standard","5":"has-post-thumbnail","7":"category-football","8":"tag-coupe-de-france","9":"tag-football","10":"tag-fr","11":"tag-france","12":"tag-ol","13":"tag-sports"},"share_on_mastodon":{"url":"https:\/\/pubeurope.com\/@fr\/115780245500892585","error":""},"_links":{"self":[{"href":"https:\/\/www.europesays.com\/fr\/wp-json\/wp\/v2\/posts\/621554","targetHints":{"allow":["GET"]}}],"collection":[{"href":"https:\/\/www.europesays.com\/fr\/wp-json\/wp\/v2\/posts"}],"about":[{"href":"https:\/\/www.europesays.com\/fr\/wp-json\/wp\/v2\/types\/post"}],"author":[{"embeddable":true,"href":"https:\/\/www.europesays.com\/fr\/wp-json\/wp\/v2\/users\/2"}],"replies":[{"embeddable":true,"href":"https:\/\/www.europesays.com\/fr\/wp-json\/wp\/v2\/comments?post=621554"}],"version-history":[{"count":0,"href":"https:\/\/www.europesays.com\/fr\/wp-json\/wp\/v2\/posts\/621554\/revisions"}],"wp:featuredmedia":[{"embeddable":true,"href":"https:\/\/www.europesays.com\/fr\/wp-json\/wp\/v2\/media\/621555"}],"wp:attachment":[{"href":"https:\/\/www.europesays.com\/fr\/wp-json\/wp\/v2\/media?parent=621554"}],"wp:term":[{"taxonomy":"category","embeddable":true,"href":"https:\/\/www.europesays.com\/fr\/wp-json\/wp\/v2\/categories?post=621554"},{"taxonomy":"post_tag","embeddable":true,"href":"https:\/\/www.europesays.com\/fr\/wp-json\/wp\/v2\/tags?post=621554"}],"curies":[{"name":"wp","href":"https:\/\/api.w.org\/{rel}","templated":true}]}}