{"id":621556,"date":"2025-12-25T12:38:12","date_gmt":"2025-12-25T12:38:12","guid":{"rendered":"https:\/\/www.europesays.com\/fr\/621556\/"},"modified":"2025-12-25T12:38:12","modified_gmt":"2025-12-25T12:38:12","slug":"11-stars-nees-un-25-decembre","status":"publish","type":"post","link":"https:\/\/www.europesays.com\/fr\/621556\/","title":{"rendered":"11 stars n\u00e9es un 25 d\u00e9cembre"},"content":{"rendered":"<p>Pour certain\u00b7e\u00b7s, le <strong>25 d\u00e9cembre<\/strong> repr\u00e9sente un<br \/>\npeu plus que No\u00ebl, c\u00a0\u00bbest aussi le jour de leur anniversaire. Et ce<br \/>\nn&rsquo;est pas toujours \u00e9vident de souffler ses bougies et d&rsquo;entendre<br \/>\nPetit papa No\u00ebl (ou<br \/>\n<a href=\"https:\/\/www.grazia.fr\/people\/all-i-want-for-christmas-le-tube-de-noel-de-mariah-carey-110791.html\" target=\"_blank\" rel=\"noopener\">All I Want for Christmas is<br \/>\nYou<\/a>) en fond sonore\u2026 Double ration de cadeaux et de<br \/>\n<a href=\"https:\/\/www.grazia.fr\/beaute\/forme-minceur\/selon-cette-celebre-nutritionniste-voici-lastuce-simplissime-pour-alleger-votre-buche-de-noel-il-suffit-dun-ingredient-1209878.html\" target=\"_blank\" rel=\"noopener\">b\u00fbche<\/a> en bonus ? Qui sait.<\/p>\n<p>Joyeux No\u00ebl et bon anniversaire<br \/>\n\u00e0&#8230;<\/p>\n<p>Dans le monde du cin\u00e9ma et de la t\u00e9l\u00e9vision, on trouve quelques<br \/>\npersonnalit\u00e9s n\u00e9es le m\u00eame jour que J\u00e9sus : le com\u00e9dien et<br \/>\nr\u00e9alisateur fran\u00e7ais Louis-Do de Lencquesaing, le mythique<br \/>\n<strong>Humphrey Bogart<\/strong>, la star de Succession<br \/>\n<strong>Jeremy Strong<\/strong>, les actrices <strong>CCH<br \/>\nPounder<\/strong> et <strong>Sissy Spacek<\/strong> (inoubliable<br \/>\nCarrie) ainsi que <strong>Rod Serling<\/strong>, le cr\u00e9ateur de la<br \/>\ns\u00e9rie culte des ann\u00e9es 60 La Quatri\u00e8me dimension. Mais<br \/>\naussi l&rsquo;un des pionniers de l&rsquo;industrie du cin\u00e9ma fran\u00e7ais,<br \/>\n<strong>Charles Path\u00e9<\/strong>.<\/p>\n<p>Quelques stars de la musique sont elles aussi n\u00e9es en ce jour un<br \/>\npeu particulier : les chanteuses Annie Lennox (ex-Eurythmics), Dido<br \/>\net <strong>Desireless<\/strong> (\u00e0 qui l&rsquo;on doit le tube Voyage,<br \/>\nVoyage) mais aussi le rappeur <strong>La<br \/>\nFouine<\/strong>\u00a0et le DJ Armin van Buuren. L&rsquo;ancien top model<br \/>\ndes ann\u00e9es 90 <strong>Helena Christensen<\/strong> a \u00e9galement vu le<br \/>\njour un 25 d\u00e9cembre, ainsi que le top model <strong>Adut<br \/>\nAkech<\/strong>. C&rsquo;est aussi le cas pour l&rsquo;ancien Premier ministre<br \/>\ncanadien et nouveau petit ami de Katy Perry, <a href=\"https:\/\/www.grazia.fr\/people\/katy-perry-et-justin-trudeau-en-couple-ils-ont-officialise-leur-relation-a-paris-1196243.html\" target=\"_blank\" rel=\"noopener\">Justin Trudeau<\/a>. Petite pens\u00e9e<br \/>\n\u00e9mue et pleine de nostalgie aussi pour l&rsquo;animatrice l\u00e9gendaire<br \/>\nd&rsquo;Intervilles : <strong>Simone Garnier<\/strong>, 94 ans en<br \/>\n2025 !<\/p>\n","protected":false},"excerpt":{"rendered":"Pour certain\u00b7e\u00b7s, le 25 d\u00e9cembre repr\u00e9sente un peu plus que No\u00ebl, c\u00a0\u00bbest aussi le jour de leur anniversaire.&hellip;\n","protected":false},"author":2,"featured_media":621557,"comment_status":"","ping_status":"","sticky":false,"template":"","format":"standard","meta":{"footnotes":""},"categories":[1359],"tags":[58,59,1011,27,973,6055],"class_list":{"0":"post-621556","1":"post","2":"type-post","3":"status-publish","4":"format-standard","5":"has-post-thumbnail","7":"category-people","8":"tag-divertissement","9":"tag-entertainment","10":"tag-fr","11":"tag-france","12":"tag-people","13":"tag-republishing"},"share_on_mastodon":{"url":"https:\/\/pubeurope.com\/@fr\/115780249461073911","error":""},"_links":{"self":[{"href":"https:\/\/www.europesays.com\/fr\/wp-json\/wp\/v2\/posts\/621556","targetHints":{"allow":["GET"]}}],"collection":[{"href":"https:\/\/www.europesays.com\/fr\/wp-json\/wp\/v2\/posts"}],"about":[{"href":"https:\/\/www.europesays.com\/fr\/wp-json\/wp\/v2\/types\/post"}],"author":[{"embeddable":true,"href":"https:\/\/www.europesays.com\/fr\/wp-json\/wp\/v2\/users\/2"}],"replies":[{"embeddable":true,"href":"https:\/\/www.europesays.com\/fr\/wp-json\/wp\/v2\/comments?post=621556"}],"version-history":[{"count":0,"href":"https:\/\/www.europesays.com\/fr\/wp-json\/wp\/v2\/posts\/621556\/revisions"}],"wp:featuredmedia":[{"embeddable":true,"href":"https:\/\/www.europesays.com\/fr\/wp-json\/wp\/v2\/media\/621557"}],"wp:attachment":[{"href":"https:\/\/www.europesays.com\/fr\/wp-json\/wp\/v2\/media?parent=621556"}],"wp:term":[{"taxonomy":"category","embeddable":true,"href":"https:\/\/www.europesays.com\/fr\/wp-json\/wp\/v2\/categories?post=621556"},{"taxonomy":"post_tag","embeddable":true,"href":"https:\/\/www.europesays.com\/fr\/wp-json\/wp\/v2\/tags?post=621556"}],"curies":[{"name":"wp","href":"https:\/\/api.w.org\/{rel}","templated":true}]}}