{"id":62156,"date":"2025-04-29T15:55:08","date_gmt":"2025-04-29T15:55:08","guid":{"rendered":"https:\/\/www.europesays.com\/fr\/62156\/"},"modified":"2025-04-29T15:55:08","modified_gmt":"2025-04-29T15:55:08","slug":"marseille-cette-actrice-connue-notamment-dans-plus-belle-la-vie-est-decedee","status":"publish","type":"post","link":"https:\/\/www.europesays.com\/fr\/62156\/","title":{"rendered":"Marseille. Cette actrice connue notamment dans \u00ab\u00a0Plus belle la vie\u00a0\u00bb est d\u00e9c\u00e9d\u00e9e"},"content":{"rendered":"<p>            Par<br \/>\n        <strong><br \/>\n            <a href=\"https:\/\/actu.fr\/auteur\/benjamin-cohenroyer\" title=\"Consulter tous les articles de Benjamin Cohen Royer\" target=\"_blank\" rel=\"noopener\">Benjamin Cohen Royer<\/a><br \/>\n        <\/strong><\/p>\n<p>        Publi\u00e9 le<\/p>\n<p>            29 avr. 2025 \u00e0 17h42        <\/p>\n<p>Triste nouvelle \u00e0 <a href=\"https:\/\/actu.fr\/marseille\/\" target=\"_blank\" rel=\"noopener\">Marseille<\/a>.<\/p>\n<p class=\" wall-content\">En effet, <strong>l\u2019actrice Christiane Conil,<\/strong> notamment connue pour son r\u00f4le dans Plus belle la vie, est d\u00e9c\u00e9d\u00e9e \u00e0 l\u2019\u00e2ge de 71\u00a0ans, a annonc\u00e9 sa famille, le 24\u00a0avril dernier sur <a href=\"https:\/\/www.facebook.com\/christiane.conil\/?locale=fr_FR\" target=\"_blank\" rel=\"noopener\">Facebook.<\/a><\/p>\n<p class=\" wall-content\">Ses obs\u00e8ques ont lieu dans la cit\u00e9 phoc\u00e9enne ce mercredi 30\u00a0avril.<\/p>\n<p>C\u00e9r\u00e9monie \u00e0 15h30<\/p>\n<p class=\" wall-content\">\u00ab\u2009Les obs\u00e8ques de maman auront lieu le mercredi 30 avril. Merci \u00e0 tous pour vos pens\u00e9es de paix et d\u2019amour\u2009\u00bb, a notamment \u00e9crit la fille de la d\u00e9funte sur le r\u00e9seau social<\/p>\n<p class=\" wall-content\">Une c\u00e9r\u00e9monie civile est pr\u00e9vue \u00e0 15h30 <strong>au fun\u00e9rarium municipal du cimeti\u00e8re Saint-Pierre<\/strong>, dans le 5e arrondissement de Marseille.<\/p>\n<p>Vid\u00e9os : en ce moment sur ActuUne figure famili\u00e8re du petit \u00e9cran et des planches<\/p>\n<p class=\" wall-content\">Form\u00e9e au <strong>Conservatoire d\u2019art dramatique de Marseille,<\/strong> Christiane Conil a marqu\u00e9 les esprits par ses apparitions dans \u00ab\u2009Plus belle la vie\u2009\u00bb, o\u00f9 elle a interpr\u00e9t\u00e9 divers r\u00f4les secondaires au fil de huit saisons.<\/p>\n<p class=\" wall-content\">Elle a \u00e9galement jou\u00e9 dans des films tels que \u00ab\u2009La French\u2009\u00bb avec Jean Dujardin et \u00ab\u2009L\u2019Enqu\u00eate Corse\u2009\u00bb aux c\u00f4t\u00e9s de Christian Clavier.<\/p>\n<p class=\" wall-content\"><strong>Passionn\u00e9e de th\u00e9\u00e2tre,<\/strong> elle a incarn\u00e9 Honorine dans \u00ab\u2009Marius\u2009\u00bb de Marcel Pagnol.<\/p>\n<p>Une carri\u00e8re active jusqu\u2019\u00e0 la fin<\/p>\n<p class=\" wall-content\">Malgr\u00e9 son \u00e2ge, Christiane Conil restait active professionnellement.<\/p>\n<p class=\" wall-content\">Elle avait r\u00e9cemment tourn\u00e9 dans deux projets pr\u00e9vus pour 2025\u2009: le film \u00ab\u2009Jean Valjean\u2009\u00bb et la s\u00e9rie \u00ab\u2009Les Disparues de la gare\u2009\u00bb.<\/p>\n<p class=\" wall-content\">Dans plusieurs posts sur les r\u00e9seaux sociaux, <strong>le monde du spectacle lui rend hommage,<\/strong> saluant une artiste talentueuse et g\u00e9n\u00e9reuse.\u200b<\/p>\n<p class=\" wall-content\">Suivez toute l\u2019actualit\u00e9 de vos villes et m\u00e9dias favoris en vous inscrivant \u00e0 <a href=\"https:\/\/moncompte.actu.fr\" title=\"D\u00e9couvez Mon Actu\" rel=\"nofollow noopener\" data-trk=\"{&quot;cta&quot;:{&quot;action&quot;:&quot;https:\\\/\\\/moncompte.actu.fr&quot;,&quot;category&quot;:&quot;mon compte&quot;,&quot;from&quot;:&quot;article footer&quot;,&quot;name&quot;:&quot;Mon actu&quot;,&quot;type&quot;:&quot;cta&quot;}}\" target=\"_blank\">Mon Actu<\/a>.<\/p>\n","protected":false},"excerpt":{"rendered":"Par Benjamin Cohen Royer Publi\u00e9 le 29 avr. 2025 \u00e0 17h42 Triste nouvelle \u00e0 Marseille. En effet, l\u2019actrice&hellip;\n","protected":false},"author":2,"featured_media":62157,"comment_status":"","ping_status":"","sticky":false,"template":"","format":"standard","meta":{"footnotes":""},"categories":[2814],"tags":[1111,11,1777,674,1011,27,884,12,882,25,104,853,252],"class_list":{"0":"post-62156","1":"post","2":"type-post","3":"status-publish","4":"format-standard","5":"has-post-thumbnail","7":"category-marseille","8":"tag-actu","9":"tag-actualites","10":"tag-eu","11":"tag-europe","12":"tag-fr","13":"tag-france","14":"tag-marseille","15":"tag-news","16":"tag-provence-alpes-cote-dazur","17":"tag-republique-francaise","18":"tag-societe","19":"tag-spectacles","20":"tag-television"},"share_on_mastodon":{"url":"https:\/\/pubeurope.com\/@fr\/114422069645221426","error":""},"_links":{"self":[{"href":"https:\/\/www.europesays.com\/fr\/wp-json\/wp\/v2\/posts\/62156","targetHints":{"allow":["GET"]}}],"collection":[{"href":"https:\/\/www.europesays.com\/fr\/wp-json\/wp\/v2\/posts"}],"about":[{"href":"https:\/\/www.europesays.com\/fr\/wp-json\/wp\/v2\/types\/post"}],"author":[{"embeddable":true,"href":"https:\/\/www.europesays.com\/fr\/wp-json\/wp\/v2\/users\/2"}],"replies":[{"embeddable":true,"href":"https:\/\/www.europesays.com\/fr\/wp-json\/wp\/v2\/comments?post=62156"}],"version-history":[{"count":0,"href":"https:\/\/www.europesays.com\/fr\/wp-json\/wp\/v2\/posts\/62156\/revisions"}],"wp:featuredmedia":[{"embeddable":true,"href":"https:\/\/www.europesays.com\/fr\/wp-json\/wp\/v2\/media\/62157"}],"wp:attachment":[{"href":"https:\/\/www.europesays.com\/fr\/wp-json\/wp\/v2\/media?parent=62156"}],"wp:term":[{"taxonomy":"category","embeddable":true,"href":"https:\/\/www.europesays.com\/fr\/wp-json\/wp\/v2\/categories?post=62156"},{"taxonomy":"post_tag","embeddable":true,"href":"https:\/\/www.europesays.com\/fr\/wp-json\/wp\/v2\/tags?post=62156"}],"curies":[{"name":"wp","href":"https:\/\/api.w.org\/{rel}","templated":true}]}}