{"id":621564,"date":"2025-12-25T12:43:13","date_gmt":"2025-12-25T12:43:13","guid":{"rendered":"https:\/\/www.europesays.com\/fr\/621564\/"},"modified":"2025-12-25T12:43:13","modified_gmt":"2025-12-25T12:43:13","slug":"ratages-snobismes-les-pires-films-de-2025-selon-la-redaction-du-figaro","status":"publish","type":"post","link":"https:\/\/www.europesays.com\/fr\/621564\/","title":{"rendered":"Ratages, snobismes&#8230; Les pires films de 2025 selon la r\u00e9daction du Figaro"},"content":{"rendered":"<p>\n    <strong>S\u00c9LECTION &#8211; <\/strong>Apr\u00e8s des heures de d\u00e9lib\u00e9ration, sans pour autant faire usage de la violence, les critiques du Figaro ont \u00e9tabli la liste de leurs dix plus mauvais films de l\u2019ann\u00e9e.<\/p>\n<p class=\"fig-paragraph\">Des com\u00e9dies pas dr\u00f4les et des drames qui font sourire, notre petit rappel des ratages, snobismes et autres coquetteries cin\u00e9matographiques de 2025.<\/p>\n<p>                                            <strong>La Chambre d\u2019\u00e0 c\u00f4t\u00e9,<\/strong> <strong>de Pedro Almodovar<\/strong><\/p>\n<p class=\"fig-paragraph\">Plus mode, tu meurs. C\u2019est d\u2019ailleurs ce qui arrive \u00e0\u00a0<a href=\"http:\/\/madame.lefigaro.fr\/celebrites\/actu-people\/julianne-moore-pedro-almodovar-et-tilda-swinton-de-nouveau-main-dans-la-main-sur-le-tapis-rouge-de-paris-20241218\" data-fig-type=\"Article\" data-gtm-custom-categorie=\"navigation\" data-gtm-custom-action=\"crossclick\" data-gtm-custom-label=\"Contextuel\" data-gtm-event=\"customEventSPE\" data-fig-domain=\"MADAME\" target=\"_blank\" rel=\"noopener\">Tilda Swinton<\/a>. Toujours impeccablement v\u00eatue, elle est atteinte d\u2019un cancer en phase terminale. Cette ancienne reporter de guerre demande \u00e0 son amie romanci\u00e8re (Julianne Moore) de l\u2019accompagner dans son agonie dans une maison de campagne qui semble sortir tout droit d\u2019un magazine de d\u00e9coration. Ton monocorde, dialogues sentencieux (<a href=\"https:\/\/www.lefigaro.fr\/musique\/john-turturro-j-aime-l-art-total-et-l-aventure-collective-20220227\" data-fig-type=\"Article\" data-gtm-custom-categorie=\"navigation\" data-gtm-custom-action=\"crossclick\" data-gtm-custom-label=\"Contextuel\" data-gtm-event=\"customEventSPE\" data-fig-domain=\"LEFIGARO\" target=\"_blank\" rel=\"noopener\">John Turturro<\/a>, leur ex, se lamentant sur le r\u00e9chauffement climatique), mise en sc\u00e8ne sur papier glac\u00e9, l\u2019ensemble est tellement maladroit que c\u2019en est touchant. Les actrices regardent Persona \u00e0 la t\u00e9l\u00e9vision. Bah voyons. Bergman peut dormir tranquille.<\/p>\n<p class=\"fig-body-link\">\n            \u00c0 lire aussi<br \/>\n        <a class=\"fig-body-link__link fig-premium-mark\" href=\"http:\/\/www.lefigaro.fr\/cinema\/notre-critique-de-la-chambre-d-a-cote-de-pedro-almodovar-un-cineaste-sous-bromure-20250107\" data-fig-type=\"Article\" data-gtm-custom-categorie=\"navigation\" data-gtm-custom-action=\"crossclick\" data-gtm-custom-label=\"Contextuel\" data-gtm-event=\"customEventSPE\" data-fig-domain=\"LEFIGARO\" target=\"_blank\" rel=\"noopener\"><\/p>\n<p>        Notre critique de La Chambre d\u2019\u00e0 c\u00f4t\u00e9, de Pedro Almodovar\u00a0: un cin\u00e9aste sous bromure<br \/>\n    <\/a>\n<\/p>\n<p>                                            <strong>Dalloway, <\/strong><strong>de Yann Gozlan<\/strong><\/p>\n<p class=\"fig-paragraph\">L\u2019h\u00e9ro\u00efne (C\u00e9cile de France) se pr\u00e9nomme Clarissa, elle a baptis\u00e9 Clarissa son assistante virtuelle et planche sur une biographie de Virginia Woolf. Ce ne sont pas des clins d\u2019\u0153il, mais carr\u00e9ment des coquards. En\u2026<\/p>\n<p class=\"fig-premium-paywall__infos\">\n        Cet article est r\u00e9serv\u00e9 aux abonn\u00e9s.        Il vous reste 80% \u00e0 d\u00e9couvrir.\n    <\/p>\n<p>                <img  data- alt=\"Le Figaro\" class=\"fig-img--complete fig-img\"\/><\/p>\n<p class=\"fig-premium-paywall__title\">Vous avez envie de lire la suite ?<\/p>\n<p class=\"fig-premium-paywall__subtitle\">D\u00e9bloquez tous les articles imm\u00e9diatement.<\/p>\n<p class=\"fig-premium-paywall__connect\">\n                D\u00e9j\u00e0 abonn\u00e9\u00a0?                <a class=\"fig-premium-paywall__connect-link\" href=\"https:\/\/connect.lefigaro.fr\/login?client=horizon_web&amp;type=main&amp;redirect_uri=https%3A%2F%2Fwww.lefigaro.fr%2Fculture%2Fratages-snobismes-les-pires-films-de-2025-selon-la-redaction-du-figaro-20251225\" data-js-gtm=\"{&quot;customCategorie&quot;: &quot;conversion&quot;, &quot;customAction&quot;: &quot;before_Landing_Connexion_paywall_auto&quot;, &quot;customLabel&quot;: &quot;bGVmaWdhcm8uZnJfXzFmMGRjZjEzLWRiODEtNjllNC05OTU2LWUxZTkwZWNjM2NjYl9fQXJ0aWNsZQ==_Ratages, snobismes... Les pires films de 2025 selon la r\u00e9daction du &lt;i&gt;Figaro&lt;\/i&gt;_212&quot;, &quot;customIDSPE&quot;: &quot;bGVmaWdhcm8uZnJfXzFmMGRjZjEzLWRiODEtNjllNC05OTU2LWUxZTkwZWNjM2NjYl9fQXJ0aWNsZQ==&quot;, &quot;event&quot;: &quot;customEventSPE&quot;}\" target=\"_blank\" rel=\"noopener\"><br \/>\n                    Connectez-vous<br \/>\n                <\/a>\n            <\/p>\n","protected":false},"excerpt":{"rendered":"S\u00c9LECTION &#8211; Apr\u00e8s des heures de d\u00e9lib\u00e9ration, sans pour autant faire usage de la violence, les critiques du&hellip;\n","protected":false},"author":2,"featured_media":621565,"comment_status":"","ping_status":"","sticky":false,"template":"","format":"standard","meta":{"footnotes":""},"categories":[1354],"tags":[6064,58,59,1346,1011,27,24016,14990,48869,1360,20915],"class_list":{"0":"post-621564","1":"post","2":"type-post","3":"status-publish","4":"format-standard","5":"has-post-thumbnail","7":"category-films","8":"tag-daniel-craig","9":"tag-divertissement","10":"tag-entertainment","11":"tag-films","12":"tag-fr","13":"tag-france","14":"tag-jodie-foster","15":"tag-luc-besson","16":"tag-mostra-de-venise","17":"tag-movies","18":"tag-pedro-almodovar"},"share_on_mastodon":{"url":"https:\/\/pubeurope.com\/@fr\/115780269242448659","error":""},"_links":{"self":[{"href":"https:\/\/www.europesays.com\/fr\/wp-json\/wp\/v2\/posts\/621564","targetHints":{"allow":["GET"]}}],"collection":[{"href":"https:\/\/www.europesays.com\/fr\/wp-json\/wp\/v2\/posts"}],"about":[{"href":"https:\/\/www.europesays.com\/fr\/wp-json\/wp\/v2\/types\/post"}],"author":[{"embeddable":true,"href":"https:\/\/www.europesays.com\/fr\/wp-json\/wp\/v2\/users\/2"}],"replies":[{"embeddable":true,"href":"https:\/\/www.europesays.com\/fr\/wp-json\/wp\/v2\/comments?post=621564"}],"version-history":[{"count":0,"href":"https:\/\/www.europesays.com\/fr\/wp-json\/wp\/v2\/posts\/621564\/revisions"}],"wp:featuredmedia":[{"embeddable":true,"href":"https:\/\/www.europesays.com\/fr\/wp-json\/wp\/v2\/media\/621565"}],"wp:attachment":[{"href":"https:\/\/www.europesays.com\/fr\/wp-json\/wp\/v2\/media?parent=621564"}],"wp:term":[{"taxonomy":"category","embeddable":true,"href":"https:\/\/www.europesays.com\/fr\/wp-json\/wp\/v2\/categories?post=621564"},{"taxonomy":"post_tag","embeddable":true,"href":"https:\/\/www.europesays.com\/fr\/wp-json\/wp\/v2\/tags?post=621564"}],"curies":[{"name":"wp","href":"https:\/\/api.w.org\/{rel}","templated":true}]}}