{"id":621570,"date":"2025-12-25T12:46:24","date_gmt":"2025-12-25T12:46:24","guid":{"rendered":"https:\/\/www.europesays.com\/fr\/621570\/"},"modified":"2025-12-25T12:46:24","modified_gmt":"2025-12-25T12:46:24","slug":"brigitte-bardot-son-chalet-avec-vue-spectaculaire-sur-le-mont-blanc","status":"publish","type":"post","link":"https:\/\/www.europesays.com\/fr\/621570\/","title":{"rendered":"Brigitte Bardot, son chalet avec vue spectaculaire sur le Mont-Blanc"},"content":{"rendered":"<p>Face au Mont-Blanc, Brigitte Bardot a succomb\u00e9 dans les ann\u00e9es<br \/>\n1960 \u00e0 un magnifique chalet, loin du tumulte et de la jet-set.<br \/>\nD\u00e9couvrez cette demeure d\u2019exception dans laquelle elle venait se<br \/>\nreposer, loin des photographes people, comme le souligne AD<br \/>\nMagazine.<\/p>\n<p>Brigitte Bardot, une femme devenue ic\u00f4ne<\/p>\n<p><strong>Elle a marqu\u00e9 une g\u00e9n\u00e9ration,<\/strong> et bien au-del\u00e0.<br \/>\nBrigitte Bardot, <a href=\"https:\/\/www.lejournaldelamaison.fr\/le-journal-de-la-maison\/reportages-maisons\/laetitia-casta-maison-14e-paris-525629.html\" target=\"_blank\" rel=\"noopener nofollow\">actrice renomm\u00e9e<\/a> et militante<br \/>\nengag\u00e9e, a incarn\u00e9 son temps et l\u2019image de la <strong>femme<br \/>\nlibre.<\/strong> Figure acclam\u00e9e dans l\u2019espace m\u00e9diatique, cette<br \/>\nderni\u00e8re \u00e9tait aussi tr\u00e8s attach\u00e9e \u00e0 son intimit\u00e9 et \u00e0 sa vie<br \/>\npriv\u00e9e, notamment quand elle \u00e9tait jeune et sans cesse sous les<br \/>\nfeux des projecteurs.<\/p>\n<p>Engag\u00e9e <strong>dans la cause des femmes comme pour celle des<br \/>\nanimaux,<\/strong> <a href=\"https:\/\/www.lejournaldelamaison.fr\/le-journal-de-la-maison\/reportages-maisons\/maisons-reportages-maisons\/brigitte-bardot-coup-foudre-ancienne-bergerie-siecle-bazoches-guyonne-yvelines-tonalites-retro-restaure-entierement-525376.html\" target=\"_blank\" rel=\"noopener nofollow\">Brigitte Bardot<\/a> a, au cours de<br \/>\nses ann\u00e9es de gloire, \u00e9t\u00e9 per\u00e7ue comme une actrice incomprise.<br \/>\nDepuis le 3 d\u00e9cembre, elle est \u00e0 l\u2019affiche <strong>du documentaire<br \/>\nBardot,<\/strong> qui revient sur sa vie, ses espoirs, ses<br \/>\namours et ses convictions.<\/p>\n<p>Dans les ann\u00e9es 1960, Brigitte Bardot a achet\u00e9 un chalet pr\u00e8s<br \/>\nde Cordon<\/p>\n<p>Le monde du cin\u00e9ma \u00e9tait plus festif que jamais dans les ann\u00e9es<br \/>\n60. Les c\u00e9l\u00e9brit\u00e9s se retrouvaient <a href=\"https:\/\/www.lejournaldelamaison.fr\/le-journal-de-la-maison\/reportages-maisons\/maisons-reportages-maisons\/vanessa-paradis-le-domaine-fait-121-000-metres-carres-et-vous-savez-ce-que-jy-fais-absolument-rien-cette-maison-meconnue-a-quelques-kilometres-de-saint-tropez-son-refuge-p-529841.html\" target=\"_blank\" rel=\"noopener nofollow\">\u00e0 Saint-Tropez<\/a> ou \u00e0 Meg\u00e8ve,<br \/>\n<strong>pour faire la f\u00eate et prendre du bon temps<\/strong>, en \u00e9t\u00e9<br \/>\ncomme en hiver. Brigitte Bardot a suivi ce mouvement, mais<br \/>\nappr\u00e9ciait aussi <strong>profiter d\u2019un cocon, \u00e0 l\u2019abri des regards<br \/>\nindiscrets.<\/strong> C\u2019est pourquoi, elle a achet\u00e9 un chalet \u00e0 une<br \/>\ndizaine de kilom\u00e8tres de Meg\u00e8ve, <strong>dans le village calme et<br \/>\nfleuri de Cordon.<\/strong><\/p>\n<p>Elle a alors achet\u00e9 <strong>l\u2019ancien h\u00f4tel des Roches<br \/>\nfleuries,<\/strong> <a href=\"https:\/\/www.lejournaldelamaison.fr\/le-journal-de-la-maison\/reportages-maisons\/maisons-reportages-maisons\/stephanie-de-monaco-nous-avons-cree-notre-petit-cocon-son-chalet-montagnard-a-auron-au-coeur-des-alpes-maritimes-entre-forets-cimes-enneigees-et-paysages-spectaculaires-531373.html\" target=\"_blank\" rel=\"noopener nofollow\">un chalet d\u2019exception<\/a>, avec une<br \/>\nvue imprenable sur toute la cha\u00eene du Mont-Blanc. <strong>Un<br \/>\nv\u00e9ritable havre de paix, paisiblement spectaculaire,<\/strong><br \/>\npourtant si proche des f\u00eates dans les plus grandes stations<br \/>\nalentour. Malheureusement, quelques ann\u00e9es apr\u00e8s son achat, les<br \/>\nhabitants ont demand\u00e9 \u00e0 Brigitte Bardot de <strong>vendre son bien<br \/>\npour s\u2019installer ailleurs<\/strong>, afin de pr\u00e9server la<br \/>\ntranquillit\u00e9 de cette r\u00e9gion magnifique. Une requ\u00eate \u00e0 laquelle<br \/>\n<strong>Brigitte Bardot a r\u00e9pondu favorablement,<\/strong><br \/>\npleinement consciente des r\u00e9percussions de sa c\u00e9l\u00e9brit\u00e9.<\/p>\n<blockquote class=\"instagram-media\" style=\"background: #ffffff;border: 0;margin: 1px;width: 100%;padding: 0;max-width: 500px;\" data-instgrm-permalink=\"https:\/\/www.instagram.com\/p\/C-71qOkIbAX\/?utm_source=ig_web_copy_link\" data-instgrm-version=\"14\"\/><p>\nBrigitte Bardot profitait d\u2019un moment<br \/>\nunique, loin des paparazzi<\/p>\n<p>Si <strong>Brigitte Bardot aimait tant ce chalet<br \/>\nmagnifique,<\/strong> c\u2019est parce qu\u2019elle r\u00e9ussissait \u00e0 y trouver un<br \/>\nespace isol\u00e9, magnifiquement simple, tout en restant proche de ses<br \/>\namis stars. Une logique qu\u2019elle a \u00e9galement <strong>suivie dans la<br \/>\nville de Saint-Tropez,<\/strong> \u00e0 l\u2019\u00e9poque o\u00f9 <a href=\"https:\/\/www.lejournaldelamaison.fr\/le-journal-de-la-maison\/reportages-maisons\/bernard-montiel-luxueuse-villa-moderne-pres-de-saint-tropez-528453.html\" target=\"_blank\" rel=\"noopener nofollow\">le simple port de p\u00eacheurs<\/a> s\u2019est<br \/>\ntransform\u00e9 en refuge \u00e0 c\u00e9l\u00e9brit\u00e9s en qu\u00eate de plages, d\u2019eau<br \/>\ncristalline et de f\u00eates.<\/p>\n<p>Elle a alors achet\u00e9 <strong>une maison en bord de mer<\/strong>,<br \/>\nisol\u00e9e des autres <a href=\"https:\/\/www.lejournaldelamaison.fr\/le-journal-de-la-maison\/reportages-maisons\/maisons-bord-de-mer\/gerard-lenorman-somptueuse-maison-piscine-nichee-coeur-cote-dazur-513531.html\" target=\"_blank\" rel=\"noopener nofollow\">villas sur la C\u00f4te d\u2019Azur<\/a>, \u00e0<br \/>\nSaint-Tropez. <strong>Renomm\u00e9e la Madrague<\/strong>, cette b\u00e2tisse<br \/>\nconstruite \u00e0 quelques m\u00e8tres de la mer offrait un cadre intimiste<br \/>\net bucolique, parfait pour procurer un moment de tranquillit\u00e9 \u00e0<br \/>\ncette <strong>star iconique du cin\u00e9ma des ann\u00e9es 50 et<br \/>\n60.<\/strong><\/p>\n<p><script async src=\"\/\/www.instagram.com\/embed.js\"><\/script><\/p>\n","protected":false},"excerpt":{"rendered":"Face au Mont-Blanc, Brigitte Bardot a succomb\u00e9 dans les ann\u00e9es 1960 \u00e0 un magnifique chalet, loin du tumulte&hellip;\n","protected":false},"author":2,"featured_media":621571,"comment_status":"","ping_status":"","sticky":false,"template":"","format":"standard","meta":{"footnotes":""},"categories":[8],"tags":[13041,73122,3396,57061,15021,38114,17488,3839,23909,73121,69398,65541,58,3029,3170,59,1011,27,4743,40392,10650,4615,2407,35018,3356,2528,13373],"class_list":{"0":"post-621570","1":"post","2":"type-post","3":"status-publish","4":"format-standard","5":"has-post-thumbnail","7":"category-divertissement","8":"tag-a","9":"tag-adorait","10":"tag-avec","11":"tag-bardot","12":"tag-blanc","13":"tag-brigitte","14":"tag-ce","15":"tag-chaine","16":"tag-chalet","17":"tag-cordon","18":"tag-cosy","19":"tag-dhiver","20":"tag-divertissement","21":"tag-du","22":"tag-elle","23":"tag-entertainment","24":"tag-fr","25":"tag-france","26":"tag-la","27":"tag-mont","28":"tag-ou","29":"tag-passer","30":"tag-ses","31":"tag-spectaculaire","32":"tag-sur","33":"tag-vacances","34":"tag-vue"},"share_on_mastodon":{"url":"https:\/\/pubeurope.com\/@fr\/115780280830475046","error":""},"_links":{"self":[{"href":"https:\/\/www.europesays.com\/fr\/wp-json\/wp\/v2\/posts\/621570","targetHints":{"allow":["GET"]}}],"collection":[{"href":"https:\/\/www.europesays.com\/fr\/wp-json\/wp\/v2\/posts"}],"about":[{"href":"https:\/\/www.europesays.com\/fr\/wp-json\/wp\/v2\/types\/post"}],"author":[{"embeddable":true,"href":"https:\/\/www.europesays.com\/fr\/wp-json\/wp\/v2\/users\/2"}],"replies":[{"embeddable":true,"href":"https:\/\/www.europesays.com\/fr\/wp-json\/wp\/v2\/comments?post=621570"}],"version-history":[{"count":0,"href":"https:\/\/www.europesays.com\/fr\/wp-json\/wp\/v2\/posts\/621570\/revisions"}],"wp:featuredmedia":[{"embeddable":true,"href":"https:\/\/www.europesays.com\/fr\/wp-json\/wp\/v2\/media\/621571"}],"wp:attachment":[{"href":"https:\/\/www.europesays.com\/fr\/wp-json\/wp\/v2\/media?parent=621570"}],"wp:term":[{"taxonomy":"category","embeddable":true,"href":"https:\/\/www.europesays.com\/fr\/wp-json\/wp\/v2\/categories?post=621570"},{"taxonomy":"post_tag","embeddable":true,"href":"https:\/\/www.europesays.com\/fr\/wp-json\/wp\/v2\/tags?post=621570"}],"curies":[{"name":"wp","href":"https:\/\/api.w.org\/{rel}","templated":true}]}}