{"id":621576,"date":"2025-12-25T12:50:13","date_gmt":"2025-12-25T12:50:13","guid":{"rendered":"https:\/\/www.europesays.com\/fr\/621576\/"},"modified":"2025-12-25T12:50:13","modified_gmt":"2025-12-25T12:50:13","slug":"la-pologne-annonce-avoir-intercepte-un-avion-russe-au-dessus-de-la-mer-baltique","status":"publish","type":"post","link":"https:\/\/www.europesays.com\/fr\/621576\/","title":{"rendered":"La Pologne annonce avoir intercept\u00e9 un avion russe au-dessus de la mer Baltique"},"content":{"rendered":"<p>\n    L\u2019arm\u00e9e polonaise a indiqu\u00e9 que ses avions de chasse ont intercept\u00e9, identifi\u00e9 visuellement et escort\u00e9 hors de leur zone de responsabilit\u00e9 un avion de reconnaissance russe volant pr\u00e8s des fronti\u00e8res de l\u2019espace a\u00e9rien polonais.<\/p>\n<p class=\"fig-paragraph\">Des avions de chasse polonais ont intercept\u00e9 un avion de reconnaissance russe au-dessus de la\u00a0<a href=\"http:\/\/www.lefigaro.fr\/international\/mer-baltique-la-suede-surveille-un-sous-marin-russe-une-operation-de-routine-20251015\" target=\"_blank\" data-fig-type=\"NewsFlash\" rel=\"noopener\" data-gtm-custom-categorie=\"navigation\" data-gtm-custom-action=\"crossclick\" data-gtm-custom-label=\"Contextuel\" data-gtm-event=\"customEventSPE\" data-fig-domain=\"LEFIGARO\">mer Baltique<\/a>, qui volait \u00e0 proximit\u00e9 de leur espace a\u00e9rien, a indiqu\u00e9 ce jeudi l\u2019arm\u00e9e polonaise.<\/p>\n<p class=\"fig-paragraph\">\u00abCe matin, au-dessus des eaux internationales de la mer Baltique, des avions de chasse polonais ont intercept\u00e9, identifi\u00e9 visuellement et escort\u00e9 hors de leur zone de responsabilit\u00e9 un avion de reconnaissance russe volant pr\u00e8s des fronti\u00e8res de l\u2019espace a\u00e9rien polonais\u00bb, a d\u00e9clar\u00e9 l\u2019arm\u00e9e du pays, qui est membre de l\u2019OTAN.<\/p>\n<p>                                            <a class=\"fig-a11y-skip\" href=\"#fig-a11y-skip-main-inarticle\" data-module=\"a11y-skip\" data-context=\"was @visible\"><br \/>\n    Passer la publicit\u00e9<br \/>\n<\/a>            <\/p>\n<p>                                            Des objets dans le ciel en provenance de Bi\u00e9lorussie<\/p>\n<p class=\"fig-paragraph\">Il a \u00e9galement \u00e9t\u00e9 indiqu\u00e9 que, de nuit, des objets ont \u00e9t\u00e9 observ\u00e9s entrant dans l\u2019espace a\u00e9rien polonais en provenance de la\u00a0<a href=\"http:\/\/www.lefigaro.fr\/international\/en-bielorussie-alexandre-loukachenko-libere-des-opposants-et-rechauffe-ses-relations-avec-washington-20251214\" target=\"_blank\" data-fig-type=\"Article\" rel=\"noopener\" data-gtm-custom-categorie=\"navigation\" data-gtm-custom-action=\"crossclick\" data-gtm-custom-label=\"Contextuel\" data-gtm-event=\"customEventSPE\" data-fig-domain=\"LEFIGARO\">Bi\u00e9lorussie<\/a>. \u00abApr\u00e8s une analyse approfondie, il a \u00e9t\u00e9 d\u00e9termin\u00e9 qu\u2019il s\u2019agissait tr\u00e8s probablement de ballons de contrebande, se d\u00e9pla\u00e7ant en fonction de la direction et de la force du vent\u00bb, a pr\u00e9cis\u00e9 l\u2019arm\u00e9e.<\/p>\n<p class=\"fig-paragraph\">Elle a ajout\u00e9 qu\u2019une partie de l\u2019espace a\u00e9rien au-dessus de la r\u00e9gion de Podlachie, dans le nord-est de la Pologne, frontali\u00e8re de la Bi\u00e9lorussie, \u00e9tait temporairement ferm\u00e9e au trafic civil par mesure de s\u00e9curit\u00e9.<\/p>\n","protected":false},"excerpt":{"rendered":"L\u2019arm\u00e9e polonaise a indiqu\u00e9 que ses avions de chasse ont intercept\u00e9, identifi\u00e9 visuellement et escort\u00e9 hors de leur&hellip;\n","protected":false},"author":2,"featured_media":621577,"comment_status":"","ping_status":"","sticky":false,"template":"","format":"standard","meta":{"footnotes":""},"categories":[5],"tags":[11,37,1011,27,14,7436,12,2437,132,28],"class_list":{"0":"post-621576","1":"post","2":"type-post","3":"status-publish","4":"format-standard","5":"has-post-thumbnail","7":"category-international","8":"tag-actualites","9":"tag-avion","10":"tag-fr","11":"tag-france","12":"tag-international","13":"tag-mer-baltique","14":"tag-news","15":"tag-pologne","16":"tag-russie","17":"tag-world"},"share_on_mastodon":{"url":"https:\/\/pubeurope.com\/@fr\/115780296758410214","error":""},"_links":{"self":[{"href":"https:\/\/www.europesays.com\/fr\/wp-json\/wp\/v2\/posts\/621576","targetHints":{"allow":["GET"]}}],"collection":[{"href":"https:\/\/www.europesays.com\/fr\/wp-json\/wp\/v2\/posts"}],"about":[{"href":"https:\/\/www.europesays.com\/fr\/wp-json\/wp\/v2\/types\/post"}],"author":[{"embeddable":true,"href":"https:\/\/www.europesays.com\/fr\/wp-json\/wp\/v2\/users\/2"}],"replies":[{"embeddable":true,"href":"https:\/\/www.europesays.com\/fr\/wp-json\/wp\/v2\/comments?post=621576"}],"version-history":[{"count":0,"href":"https:\/\/www.europesays.com\/fr\/wp-json\/wp\/v2\/posts\/621576\/revisions"}],"wp:featuredmedia":[{"embeddable":true,"href":"https:\/\/www.europesays.com\/fr\/wp-json\/wp\/v2\/media\/621577"}],"wp:attachment":[{"href":"https:\/\/www.europesays.com\/fr\/wp-json\/wp\/v2\/media?parent=621576"}],"wp:term":[{"taxonomy":"category","embeddable":true,"href":"https:\/\/www.europesays.com\/fr\/wp-json\/wp\/v2\/categories?post=621576"},{"taxonomy":"post_tag","embeddable":true,"href":"https:\/\/www.europesays.com\/fr\/wp-json\/wp\/v2\/tags?post=621576"}],"curies":[{"name":"wp","href":"https:\/\/api.w.org\/{rel}","templated":true}]}}