{"id":621580,"date":"2025-12-25T12:52:17","date_gmt":"2025-12-25T12:52:17","guid":{"rendered":"https:\/\/www.europesays.com\/fr\/621580\/"},"modified":"2025-12-25T12:52:17","modified_gmt":"2025-12-25T12:52:17","slug":"direct-la-moitie-de-la-bretagne-sest-reveillee-sous-la-neige-en-images","status":"publish","type":"post","link":"https:\/\/www.europesays.com\/fr\/621580\/","title":{"rendered":"DIRECT &#8211; La moiti\u00e9 de la Bretagne s&rsquo;est r\u00e9veill\u00e9e sous la neige [En images]"},"content":{"rendered":"<p>Rennes saupoudr\u00e9e au r\u00e9veil<\/p>\n<p>Ce matin \u00e0 Rennes, quelques flocons de neige sont timidement tomb\u00e9s du ciel. Sans vraiment tenir au sol, ils ont surtout blanchi l\u2019air, recouverts les toits, et surpris les rares passants matinaux. D\u00e9serte, la ville a rev\u00eatu ses habits d&rsquo;hiver pendant quelques heures.<\/p>\n<p><img decoding=\"async\" src=\"https:\/\/www.europesays.com\/fr\/wp-content\/uploads\/2025\/12\/694d02c4c6fda34c7f0f9b62.1.jpeg\" width=\"480\" height=\"300\" class=\"web_golden_m\" loading=\"lazy\" alt=\"DIRECT - La moiti\u00e9 de la Bretagne s'est r\u00e9veill\u00e9e sous la neige [En images]\"\/> (Photo Claire Staes)<img decoding=\"async\" src=\"https:\/\/www.europesays.com\/fr\/wp-content\/uploads\/2025\/12\/694d02da9b2446968e082623.1.jpeg\" width=\"480\" height=\"300\" class=\"web_golden_m\" loading=\"lazy\" alt=\"DIRECT - La moiti\u00e9 de la Bretagne s'est r\u00e9veill\u00e9e sous la neige [En images]\"\/> (Photo Claire Staes)<img decoding=\"async\" src=\"https:\/\/www.europesays.com\/fr\/wp-content\/uploads\/2025\/12\/694d02ede7bacfdc18071802.1.jpeg\" width=\"480\" height=\"300\" class=\"web_golden_m\" loading=\"lazy\" alt=\"DIRECT - La moiti\u00e9 de la Bretagne s'est r\u00e9veill\u00e9e sous la neige [En images]\"\/> (Photo Claire Staes)<\/p>\n","protected":false},"excerpt":{"rendered":"Rennes saupoudr\u00e9e au r\u00e9veil Ce matin \u00e0 Rennes, quelques flocons de neige sont timidement tomb\u00e9s du ciel. Sans&hellip;\n","protected":false},"author":2,"featured_media":621581,"comment_status":"","ping_status":"","sticky":false,"template":"","format":"standard","meta":{"footnotes":""},"categories":[2],"tags":[11,829,2171,765,3321,1011,27,4044,848,2170,5862,1781,2885,21570,3729,12,584,4937,18089,3165],"class_list":{"0":"post-621580","1":"post","2":"type-post","3":"status-publish","4":"format-standard","5":"has-post-thumbnail","7":"category-actualites","8":"tag-actualites","9":"tag-bretagne","10":"tag-cotes-darmor","11":"tag-en-continu","12":"tag-finistere","13":"tag-fr","14":"tag-france","15":"tag-guingamp","16":"tag-ille-et-vilaine","17":"tag-lamballe-armor","18":"tag-lannion","19":"tag-lorient","20":"tag-loudeac","21":"tag-meteo-en-bretagne","22":"tag-morbihan","23":"tag-news","24":"tag-rennes","25":"tag-saint-brieuc","26":"tag-selection-showcase","27":"tag-vannes"},"share_on_mastodon":{"url":"https:\/\/pubeurope.com\/@fr\/115780305330460797","error":""},"_links":{"self":[{"href":"https:\/\/www.europesays.com\/fr\/wp-json\/wp\/v2\/posts\/621580","targetHints":{"allow":["GET"]}}],"collection":[{"href":"https:\/\/www.europesays.com\/fr\/wp-json\/wp\/v2\/posts"}],"about":[{"href":"https:\/\/www.europesays.com\/fr\/wp-json\/wp\/v2\/types\/post"}],"author":[{"embeddable":true,"href":"https:\/\/www.europesays.com\/fr\/wp-json\/wp\/v2\/users\/2"}],"replies":[{"embeddable":true,"href":"https:\/\/www.europesays.com\/fr\/wp-json\/wp\/v2\/comments?post=621580"}],"version-history":[{"count":0,"href":"https:\/\/www.europesays.com\/fr\/wp-json\/wp\/v2\/posts\/621580\/revisions"}],"wp:featuredmedia":[{"embeddable":true,"href":"https:\/\/www.europesays.com\/fr\/wp-json\/wp\/v2\/media\/621581"}],"wp:attachment":[{"href":"https:\/\/www.europesays.com\/fr\/wp-json\/wp\/v2\/media?parent=621580"}],"wp:term":[{"taxonomy":"category","embeddable":true,"href":"https:\/\/www.europesays.com\/fr\/wp-json\/wp\/v2\/categories?post=621580"},{"taxonomy":"post_tag","embeddable":true,"href":"https:\/\/www.europesays.com\/fr\/wp-json\/wp\/v2\/tags?post=621580"}],"curies":[{"name":"wp","href":"https:\/\/api.w.org\/{rel}","templated":true}]}}