{"id":621582,"date":"2025-12-25T12:53:13","date_gmt":"2025-12-25T12:53:13","guid":{"rendered":"https:\/\/www.europesays.com\/fr\/621582\/"},"modified":"2025-12-25T12:53:13","modified_gmt":"2025-12-25T12:53:13","slug":"saint-chamond-promis-par-la-region-pour-financer-larena-2-millions-deuros-ne-seront-pas-verses","status":"publish","type":"post","link":"https:\/\/www.europesays.com\/fr\/621582\/","title":{"rendered":"Saint-Chamond. Promis par la R\u00e9gion pour financer l\u2019Arena, 2 millions d&rsquo;euros ne seront pas vers\u00e9s"},"content":{"rendered":"<p>\u00ab\u00a0C\u2019est la premi\u00e8re fois dans l\u2019histoire de Saint-Etienne M\u00e9tropole, qu\u2019un accompagnement financier de la R\u00e9gion est diminu\u00e9. Et, ceci dans une proportion importante,\u00a0\u00bb constate Johann Cesa, conseiller r\u00e9gional socialiste lig\u00e9rien qui a tent\u00e9 d\u2019alerter \u00e0 plusieurs reprises sur le sujet, notamment les autres conseillers r\u00e9gionaux du sud de la Loire.<\/p>\n<p>\u00c0 l\u2019heure o\u00f9 nous \u00e9crivons ces lignes, <a href=\"https:\/\/www.saint-etienne-metropole.fr\/design-culture-sport\/equipements-sportifs\/arena-saint-etienne-metropole\" target=\"_blank\" rel=\"noopener\">sur le site internet de Saint-Etienne M\u00e9tropole<\/a> , il est toujours \u00e9crit que sur 31,5M\u20ac d\u2019investissement pour construire l\u2019Arena de Saint-Chamond, un petit tiers \u00e9tait pris en charge par la R\u00e9gion Auvergne-Rh\u00f4ne-Alpes, soit 10M\u20ac. \u00ab\u00a0L\u2019Arena Saint-\u00c9tienne M\u00e9tropole est le plus grand projet sportif indoor port\u00e9 par la M\u00e9tropole. Ce nouvel \u00e9quipement a \u00e9t\u00e9 <a href=\"https:\/\/www.leprogres.fr\/politique\/2022\/09\/18\/l-arena-c-est-l-histoire-d-un-reve-devenu-realite\" target=\"_blank\" rel=\"noopener\">inaugur\u00e9 en septembre\u00a02022<\/a> ,\u00a0\u00bb se f\u00e9licite la collectivit\u00e9.<\/p>\n<p>Mais la R\u00e9gion n\u2019a jamais vers\u00e9 ces 10\u00a0millions d\u2019euros en int\u00e9gralit\u00e9. La moiti\u00e9 a bien atterri dans les caisses de la M\u00e9tropole. L\u2019autre \u00e9tait toujours attendue, trois ans apr\u00e8s la fin des&#8230;<\/p>\n","protected":false},"excerpt":{"rendered":"\u00ab\u00a0C\u2019est la premi\u00e8re fois dans l\u2019histoire de Saint-Etienne M\u00e9tropole, qu\u2019un accompagnement financier de la R\u00e9gion est diminu\u00e9. Et,&hellip;\n","protected":false},"author":2,"featured_media":621583,"comment_status":"","ping_status":"","sticky":false,"template":"","format":"standard","meta":{"footnotes":""},"categories":[9653],"tags":[1111,11,2430,1791,33,7539,1777,674,3183,1011,27,12,25,9669,9670,4001,517],"class_list":{"0":"post-621582","1":"post","2":"type-post","3":"status-publish","4":"format-standard","5":"has-post-thumbnail","7":"category-saint-etienne","8":"tag-actu","9":"tag-actualites","10":"tag-auvergne-rhone-alpes","11":"tag-basket-ball","12":"tag-economie","13":"tag-edition-loire-sud","14":"tag-eu","15":"tag-europe","16":"tag-finance-et-fiscalite","17":"tag-fr","18":"tag-france","19":"tag-news","20":"tag-republique-francaise","21":"tag-saint-chamond","22":"tag-saint-chamond-ville","23":"tag-saint-etienne","24":"tag-sport"},"share_on_mastodon":{"url":"https:\/\/pubeurope.com\/@fr\/115780308446897846","error":""},"_links":{"self":[{"href":"https:\/\/www.europesays.com\/fr\/wp-json\/wp\/v2\/posts\/621582","targetHints":{"allow":["GET"]}}],"collection":[{"href":"https:\/\/www.europesays.com\/fr\/wp-json\/wp\/v2\/posts"}],"about":[{"href":"https:\/\/www.europesays.com\/fr\/wp-json\/wp\/v2\/types\/post"}],"author":[{"embeddable":true,"href":"https:\/\/www.europesays.com\/fr\/wp-json\/wp\/v2\/users\/2"}],"replies":[{"embeddable":true,"href":"https:\/\/www.europesays.com\/fr\/wp-json\/wp\/v2\/comments?post=621582"}],"version-history":[{"count":0,"href":"https:\/\/www.europesays.com\/fr\/wp-json\/wp\/v2\/posts\/621582\/revisions"}],"wp:featuredmedia":[{"embeddable":true,"href":"https:\/\/www.europesays.com\/fr\/wp-json\/wp\/v2\/media\/621583"}],"wp:attachment":[{"href":"https:\/\/www.europesays.com\/fr\/wp-json\/wp\/v2\/media?parent=621582"}],"wp:term":[{"taxonomy":"category","embeddable":true,"href":"https:\/\/www.europesays.com\/fr\/wp-json\/wp\/v2\/categories?post=621582"},{"taxonomy":"post_tag","embeddable":true,"href":"https:\/\/www.europesays.com\/fr\/wp-json\/wp\/v2\/tags?post=621582"}],"curies":[{"name":"wp","href":"https:\/\/api.w.org\/{rel}","templated":true}]}}