{"id":621596,"date":"2025-12-25T13:12:27","date_gmt":"2025-12-25T13:12:27","guid":{"rendered":"https:\/\/www.europesays.com\/fr\/621596\/"},"modified":"2025-12-25T13:12:27","modified_gmt":"2025-12-25T13:12:27","slug":"pro-d2-le-fcg-va-regouter-a-la-fievre-du-samedi-soir-en-fevrier","status":"publish","type":"post","link":"https:\/\/www.europesays.com\/fr\/621596\/","title":{"rendered":"Pro D2. Le FCG va rego\u00fbter \u00e0 la fi\u00e8vre du samedi soir en f\u00e9vrier"},"content":{"rendered":"<p>Le match du FCG face \u00e0 Brive, pr\u00e9vu dans le cadre de la 21e journ\u00e9e de championnat, n\u2019aura pas lieu un jeudi ou un vendredi soir, comme c\u2019est d\u2019usage en Pro D2, mais le samedi soir \u00e0 21 heures.<\/p>\n<p><strong><a href=\"https:\/\/www.ledauphine.com\/sport\/classement\/rugby\/national-pro-d2-saison-reguliere\" target=\"_blank\" rel=\"noopener\">&gt;&gt;&gt; Le classement de Pro D2<\/a><\/strong><\/p>\n<p>  Un quatri\u00e8me match en programmation sp\u00e9ciale, cette saison en Pro D2<\/p>\n<p>En effet, le t\u00e9l\u00e9-diffuseur du championnat (Canal +) a initi\u00e9 cette saison un nouveau mode de programmation en Pro D2, avec des matchs d\u00e9cal\u00e9s au samedi ou au dimanche soir, quand le Top 14 fait rel\u00e2che.<\/p>\n<p>Ce sera le cas des 21 et 22\u00a0f\u00e9vrier prochains, week-end qui sera d\u00e9di\u00e9 \u00e0 la 3e journ\u00e9e du Tournoi des VI Nations. Avec un France &#8211; Italie le dimanche 22\u00a0f\u00e9vrier \u00e0 Lille (16h10), au lendemain des Angleterre &#8211; Irlande (15h10) et Galles &#8211; \u00c9cosse (17h40).<\/p>\n<p>Ce Grenoble &#8211; Brive sera ainsi le quatri\u00e8me match en programmation sp\u00e9ciale de la journ\u00e9e, apr\u00e8s les Brive &#8211; Vannes (1re journ\u00e9e), <a href=\"https:\/\/www.ledauphine.com\/sport\/2025\/10\/14\/vannes-fcg-sera-bien-en-prime-time-un-dimanche-et-delocalise-dans-un-grand-stade\" target=\"_blank\" title=\"rugby Pro D2 prog J11\" rel=\"noopener\">Vannes &#8211; Grenoble (11e journ\u00e9e)<\/a> et <a href=\"https:\/\/www.ledauphine.com\/sport\/2025\/12\/16\/le-fcg-a-nouveau-a-21-heures-un-match-decale-au-samedi-soir-la-programmation-de-la-17e-journee\" target=\"_blank\" title=\"rugby Pro D2 prog J17\" rel=\"noopener\">Vannes &#8211; Brive (17e journ\u00e9e)<\/a>.<\/p>\n<p>M\u00eame si le FCG (10e, 32 points) et le CAB (9e, 35 points) ne sont pas class\u00e9s la hauteur de leur standing, \u00e0 mi-saison, ces deux clubs restent attractifs pour les cam\u00e9ras de t\u00e9l\u00e9vision.<\/p>\n<p>La programmation pr\u00e9cise des autres matchs de la 21e journ\u00e9e, dont Agen &#8211; Valence\/Romans, sera connue \u00e0 la fin du mois de janvier.<\/p>\n","protected":false},"excerpt":{"rendered":"Le match du FCG face \u00e0 Brive, pr\u00e9vu dans le cadre de la 21e journ\u00e9e de championnat, n\u2019aura&hellip;\n","protected":false},"author":2,"featured_media":621597,"comment_status":"","ping_status":"","sticky":false,"template":"","format":"standard","meta":{"footnotes":""},"categories":[9566],"tags":[1111,11,2430,112,1777,674,2727,1701,1011,27,2731,2732,108,12,2308,25,479,517],"class_list":{"0":"post-621596","1":"post","2":"type-post","3":"status-publish","4":"format-standard","5":"has-post-thumbnail","7":"category-grenoble","8":"tag-actu","9":"tag-actualites","10":"tag-auvergne-rhone-alpes","11":"tag-edition-grenoble-agglomeration","12":"tag-eu","13":"tag-europe","14":"tag-fcg-fc-grenoble-rugby","15":"tag-fil-info-sport","16":"tag-fr","17":"tag-france","18":"tag-grenoble","19":"tag-grenoble-bassin","20":"tag-isere","21":"tag-news","22":"tag-pro-d2","23":"tag-republique-francaise","24":"tag-rugby","25":"tag-sport"},"share_on_mastodon":{"url":"https:\/\/pubeurope.com\/@fr\/115780383108782135","error":""},"_links":{"self":[{"href":"https:\/\/www.europesays.com\/fr\/wp-json\/wp\/v2\/posts\/621596","targetHints":{"allow":["GET"]}}],"collection":[{"href":"https:\/\/www.europesays.com\/fr\/wp-json\/wp\/v2\/posts"}],"about":[{"href":"https:\/\/www.europesays.com\/fr\/wp-json\/wp\/v2\/types\/post"}],"author":[{"embeddable":true,"href":"https:\/\/www.europesays.com\/fr\/wp-json\/wp\/v2\/users\/2"}],"replies":[{"embeddable":true,"href":"https:\/\/www.europesays.com\/fr\/wp-json\/wp\/v2\/comments?post=621596"}],"version-history":[{"count":0,"href":"https:\/\/www.europesays.com\/fr\/wp-json\/wp\/v2\/posts\/621596\/revisions"}],"wp:featuredmedia":[{"embeddable":true,"href":"https:\/\/www.europesays.com\/fr\/wp-json\/wp\/v2\/media\/621597"}],"wp:attachment":[{"href":"https:\/\/www.europesays.com\/fr\/wp-json\/wp\/v2\/media?parent=621596"}],"wp:term":[{"taxonomy":"category","embeddable":true,"href":"https:\/\/www.europesays.com\/fr\/wp-json\/wp\/v2\/categories?post=621596"},{"taxonomy":"post_tag","embeddable":true,"href":"https:\/\/www.europesays.com\/fr\/wp-json\/wp\/v2\/tags?post=621596"}],"curies":[{"name":"wp","href":"https:\/\/api.w.org\/{rel}","templated":true}]}}