{"id":621598,"date":"2025-12-25T13:14:29","date_gmt":"2025-12-25T13:14:29","guid":{"rendered":"https:\/\/www.europesays.com\/fr\/621598\/"},"modified":"2025-12-25T13:14:29","modified_gmt":"2025-12-25T13:14:29","slug":"grand-froid-letat-au-pic-de-ses-dispositifs-pour-proteger-les-plus-vulnerables","status":"publish","type":"post","link":"https:\/\/www.europesays.com\/fr\/621598\/","title":{"rendered":"Grand froid : l\u2019Etat au pic de ses dispositifs pour prot\u00e9ger les plus vuln\u00e9rables"},"content":{"rendered":"<p style=\"text-align: justify;\" data-start=\"137\" data-end=\"633\">Face \u00e0 la vague de froid annonc\u00e9e par M\u00e9t\u00e9o-France pour les prochains jours, le pr\u00e9fet d\u2019Ille-et-Vilaine a d\u00e9cid\u00e9 d\u2019activer le plan Grand froid sur l\u2019ensemble du d\u00e9partement. Ce dispositif vise \u00e0 renforcer imm\u00e9diatement la protection des personnes les plus vuln\u00e9rables, en particulier celles vivant \u00e0 la rue ou dans des conditions de logement tr\u00e8s pr\u00e9caires.<\/p>\n<blockquote>\n<p style=\"text-align: justify;\" data-start=\"137\" data-end=\"633\">L\u2019objectif est d\u2019\u00e9viter toute situation de d\u00e9tresse li\u00e9e aux temp\u00e9ratures n\u00e9gatives.<\/p>\n<\/blockquote>\n<p style=\"text-align: justify;\" data-start=\"635\" data-end=\"1204\">D\u00e8s aujourd\u2019hui et pour toute la dur\u00e9e de l\u2019\u00e9pisode de froid, les dispositifs de veille sociale sont intensifi\u00e9s par les autorit\u00e9s. Les horaires des accueils de jour sont \u00e9largis et les maraudes sont renforc\u00e9es sur les secteurs de Rennes, Foug\u00e8res et Saint-Malo. Par ailleurs, les accueils de nuit restent ouverts en continu, 24 heures sur 24, et la rotation habituelle en h\u00e9bergement d\u2019urgence est suspendue afin de garantir une stabilit\u00e9 aux personnes mises \u00e0 l\u2019abri pendant cette p\u00e9riode critique.<\/p>\n<p style=\"text-align: justify;\" data-start=\"1206\" data-end=\"1652\">Ces mesures viennent compl\u00e9ter les plus de 2 000 places d\u2019h\u00e9bergement d\u00e9j\u00e0 ouvertes dans le d\u00e9partement. L\u2019\u00c9tat pr\u00e9voit une mobilisation accrue de l\u2019offre h\u00f4teli\u00e8re par le SIAO et le 115, afin de mettre \u00e0 l\u2019abri en priorit\u00e9 les m\u00e9nages les plus fragiles. \u00c0 Rennes, un site suppl\u00e9mentaire de dix places pour personnes isol\u00e9es est ouvert, en lien avec l\u2019association Saint-Beno\u00eet-Labre, afin d\u2019augmenter rapidement les capacit\u00e9s d\u2019accueil.<\/p>\n<p style=\"text-align: justify;\" data-start=\"1654\" data-end=\"2031\">L\u2019ensemble des services de l\u2019\u00c9tat, les acteurs de la s\u00e9curit\u00e9 civile et les associations sont pleinement mobilis\u00e9s ces prochains jours. \u00c0 cette occasion, Pierre Larrey, sous-pr\u00e9fet et secr\u00e9taire g\u00e9n\u00e9ral, s\u2019est rendu aupr\u00e8s des \u00e9quipes de la Croix-Rouge fran\u00e7aise pour soutenir les b\u00e9n\u00e9voles engag\u00e9s dans les maraudes hivernales. Pour rappel, \u00a0toute personne t\u00e9moin d\u2019une situation de d\u00e9tresse concernant une personne sans abri ou mal log\u00e9e est invit\u00e9e \u00e0 appeler le 115, num\u00e9ro gratuit et accessible 24h\/24. \u00a0Des informations compl\u00e9mentaires sur le dispositif d\u2019h\u00e9bergement sont disponibles sur le site du SIAO d\u2019Ille-et-Vilaine, ainsi que des conseils pratiques sur les bons gestes \u00e0 adopter face au froid sur le site de la pr\u00e9fecture. Infos <a href=\"http:\/\/www.dispositifs-siao35.fr\/\" target=\"_blank\" rel=\"noopener\">sur le dispositif d\u2019h\u00e9bergement<\/a> et sur les <a href=\"https:\/\/www.ille-et-vilaine.gouv.fr\/Actualites\/Les-bons-gestes\/Meteo-En-hiver-adoptez-les-bons-gestes?fbclid=IwY2xjawO4wt9leHRuA2FlbQIxMABicmlkETB1c0dGZkxiNjFackJjTExNc3J0YwZhcHBfaWQQMjIyMDM5MTc4ODIwMDg5MgABHjMTZ2Hzcu4e_JOxbS4B46I_Ezt8LeLr3o48MDD8rOMyK-wwFcqxZzao7VcY_aem_cjpLeIpXlQV74GariMH5lg\" target=\"_blank\" rel=\"noopener\">bons gestes en cas de froid.\u00a0<\/a><\/p>\n<p data-start=\"1654\" data-end=\"2031\">Cr\u00e9dit : pr\u00e9fecture d\u2019Ille-et-vilaine.<\/p>\n","protected":false},"excerpt":{"rendered":"Face \u00e0 la vague de froid annonc\u00e9e par M\u00e9t\u00e9o-France pour les prochains jours, le pr\u00e9fet d\u2019Ille-et-Vilaine a d\u00e9cid\u00e9&hellip;\n","protected":false},"author":2,"featured_media":621599,"comment_status":"","ping_status":"","sticky":false,"template":"","format":"standard","meta":{"footnotes":""},"categories":[2821],"tags":[1111,11,829,1777,674,1011,27,12,584,25],"class_list":{"0":"post-621598","1":"post","2":"type-post","3":"status-publish","4":"format-standard","5":"has-post-thumbnail","7":"category-rennes","8":"tag-actu","9":"tag-actualites","10":"tag-bretagne","11":"tag-eu","12":"tag-europe","13":"tag-fr","14":"tag-france","15":"tag-news","16":"tag-rennes","17":"tag-republique-francaise"},"share_on_mastodon":{"url":"https:\/\/pubeurope.com\/@fr\/115780391007753407","error":""},"_links":{"self":[{"href":"https:\/\/www.europesays.com\/fr\/wp-json\/wp\/v2\/posts\/621598","targetHints":{"allow":["GET"]}}],"collection":[{"href":"https:\/\/www.europesays.com\/fr\/wp-json\/wp\/v2\/posts"}],"about":[{"href":"https:\/\/www.europesays.com\/fr\/wp-json\/wp\/v2\/types\/post"}],"author":[{"embeddable":true,"href":"https:\/\/www.europesays.com\/fr\/wp-json\/wp\/v2\/users\/2"}],"replies":[{"embeddable":true,"href":"https:\/\/www.europesays.com\/fr\/wp-json\/wp\/v2\/comments?post=621598"}],"version-history":[{"count":0,"href":"https:\/\/www.europesays.com\/fr\/wp-json\/wp\/v2\/posts\/621598\/revisions"}],"wp:featuredmedia":[{"embeddable":true,"href":"https:\/\/www.europesays.com\/fr\/wp-json\/wp\/v2\/media\/621599"}],"wp:attachment":[{"href":"https:\/\/www.europesays.com\/fr\/wp-json\/wp\/v2\/media?parent=621598"}],"wp:term":[{"taxonomy":"category","embeddable":true,"href":"https:\/\/www.europesays.com\/fr\/wp-json\/wp\/v2\/categories?post=621598"},{"taxonomy":"post_tag","embeddable":true,"href":"https:\/\/www.europesays.com\/fr\/wp-json\/wp\/v2\/tags?post=621598"}],"curies":[{"name":"wp","href":"https:\/\/api.w.org\/{rel}","templated":true}]}}