{"id":621605,"date":"2025-12-25T13:23:15","date_gmt":"2025-12-25T13:23:15","guid":{"rendered":"https:\/\/www.europesays.com\/fr\/621605\/"},"modified":"2025-12-25T13:23:15","modified_gmt":"2025-12-25T13:23:15","slug":"nice-tribute-u2-vendredi-6-mars-2026","status":"publish","type":"post","link":"https:\/\/www.europesays.com\/fr\/621605\/","title":{"rendered":"NICE : Tribute U2, vendredi 6 mars 2026"},"content":{"rendered":"<p style=\"text-align: left;\"><strong>Le Stockfish offre une programmation m\u00ealant d\u00e9couvertes artistiques, talents \u00e9mergents et t\u00eates d\u2019affiche de la sc\u00e8ne nationale et internationale.<\/strong><\/p>\n<p style=\"text-align: left;\">La salle s\u2019est affirm\u00e9e comme un v\u00e9ritable lieu d\u2019expression et de diversit\u00e9 artistique. La programmation du 1er semestre 2026 s\u2019ancre dans l\u2019ADN du Stockfish en conjuguant artistes de renom, concepts originaux et vari\u00e9t\u00e9 des esth\u00e9tiques musicales et culturelles. Une palette d\u2019\u00e9v\u00e9nements vari\u00e9s : concerts live, DJ sets \u00e9lectro, house et techno, rap, chanson fran\u00e7aise, pop alternative, humour, philo, jazz, soir\u00e9es club et rendez-vous interg\u00e9n\u00e9rationnels.<\/p>\n<p style=\"text-align: left;\">Rap fran\u00e7ais, entre flow et introspection : Oxmo Puccino, dont l\u2019album \u00ab L\u2019Op\u00e9ra Puccino \u00bb a marqu\u00e9 l\u2019histoire du rap, croisera la route de Kemmler, voix \u00e9mergente d\u2019une g\u00e9n\u00e9ration plus brute et introspective. Deux univers compl\u00e9mentaires qui c\u00e9l\u00e8brent la puissance des mots et la sinc\u00e9rit\u00e9 du propos.<\/p>\n<p style=\"text-align: left;\">Show punk : par Terror, le groupe am\u00e9ricain expert du genre.<\/p>\n<p style=\"text-align: left;\">Reggae : John Teck et Mariaa Siga deux artistes locaux au talent reconnu.<\/p>\n<p style=\"text-align: left;\">Rock 100% ni\u00e7ois : des guitares qui cognent, le c\u0153ur qui s\u2019emballe et la sc\u00e8ne qui s\u2019embrase, c\u2019est la marque de Corpus Delicti.<\/p>\n<p style=\"text-align: left;\">Jazz Sessions, les l\u00e9gendes d\u00e9filent : Baptiste Herbin Trio pour un concert sensible et engag\u00e9, Anne Paceo, couronn\u00e9e de 3 Victoires du Jazz, Kenny Garrett, le saxophoniste de Miles Davis et Ben l\u2019oncle Soul et son \u00e9nergie groove.<\/p>\n<p style=\"text-align: left;\">Chanson et pop fran\u00e7aise, entre lumi\u00e8re et m\u00e9lancolie : la voix rauque et magn\u00e9tique d\u2019Arthur H accompagn\u00e9 de Pierre Le Bourgeois, et la grande Catherine Ringer offriront des concerts alliant profondeur des textes et force des \u00e9motions.<\/p>\n<p style=\"text-align: left;\">Grandes figures de l\u2019\u00e9lectro : Claptone, le producteur masqu\u00e9 et myst\u00e9rieux, Tchami, le pionnier de la future house et Petit Biscuit feront r\u00e9sonner leurs univers contrast\u00e9s, du minimal techno hypnotique \u00e0 la house la plus envo\u00fbtante.<\/p>\n<p style=\"text-align: left;\">\u00a0Nouvelle vague de DJs fran\u00e7ais : Joris Delacroix, Perceval et Boris Way, porteurs d\u2019une \u00e9lectro m\u00e9lodique et solaire.<\/p>\n<p style=\"text-align: left;\">Humour et stand-up, une sc\u00e8ne qui rit et f\u00e9d\u00e8re : No\u00eblle Perna, Paul Taylor, Laurent Febvay, Alex Di Mambro, Julien Vinh, Sofia Belabes, Tom Boudet, Amy London, et le Stockfish Comedy Club by Bobar conjugueront impertinence, autod\u00e9rision et authenticit\u00e9.<\/p>\n<p style=\"text-align: left;\">Groove \u00e0 la fran\u00e7aise : DJ Abdel, pilier incontournable du hip-hop et du RnB fran\u00e7ais, enflammera le Stockfish avec un set f\u00e9d\u00e9rateur m\u00ealant classiques \u00ab old school \u00bb et sons urbains actuels.<\/p>\n<p style=\"text-align: left;\">Retour d\u2019une pointure mondiale du djing sur vinyle : apr\u00e8s le succ\u00e8s de son premier passage en juin dernier, Dj Koco revient avec ses sets fulgurants et sa technique chirurgicale.<\/p>\n<p style=\"text-align: left;\">Concert Tribute exceptionnel \u00e0 U2 par Surrender U2, Ultimate Experience pour vivre l\u2019\u00e9nergie iconique du groupe.<\/p>\n<p style=\"text-align: left;\">SURRENDER 2U, ULTIMATE EXPERIENCE vous propose un voyage immersif dans l\u2019univers du plus grand groupe pop-rock au monde : U2. Bien plus qu\u2019un simple concert, ce spectacle est un v\u00e9ritable show multim\u00e9dia qui transporte le public au c\u0153ur de ses \u00e9motions, de ses r\u00eaves et de son humanit\u00e9. Un pur concert rock port\u00e9 par la voix intense et habit\u00e9e de Pascal Mono, valid\u00e9e a plusieurs reprises par Bono lors de leurs rencontres dans le Sud de la France, et pl\u00e9biscit\u00e9e par plus de 3 millions de votes du public pour son interpr\u00e9tation de \u00ab Sunday Bloody Sunday \u00bb lors de la 5\u00b0 \u00e9dition de la Star Academy.<\/p>\n<p style=\"text-align: left;\"><strong>VENDREDI 6 MARS<\/strong><\/p>\n<p style=\"text-align: left;\"><strong>TRIBUTE U2 (Live)<\/strong><\/p>\n<p style=\"text-align: left;\"><strong>Billetterie \u00e0 venir <\/strong><\/p>\n<p style=\"text-align: left;\"><strong>LE STOCKFISH \u2013 5 avenue Fran\u00e7ois Mitterrand \u2013 Nice.<\/strong><\/p>\n<p style=\"text-align: left;\"><strong>SOURCE : LE STOCKFISH &gt; Programmation 1er semestre 2026.<\/strong><\/p>\n","protected":false},"excerpt":{"rendered":"Le Stockfish offre une programmation m\u00ealant d\u00e9couvertes artistiques, talents \u00e9mergents et t\u00eates d\u2019affiche de la sc\u00e8ne nationale et&hellip;\n","protected":false},"author":2,"featured_media":621606,"comment_status":"","ping_status":"","sticky":false,"template":"","format":"standard","meta":{"footnotes":""},"categories":[2819],"tags":[1111,11,1777,674,1011,27,12,2401,882,25],"class_list":{"0":"post-621605","1":"post","2":"type-post","3":"status-publish","4":"format-standard","5":"has-post-thumbnail","7":"category-nice","8":"tag-actu","9":"tag-actualites","10":"tag-eu","11":"tag-europe","12":"tag-fr","13":"tag-france","14":"tag-news","15":"tag-nice","16":"tag-provence-alpes-cote-dazur","17":"tag-republique-francaise"},"share_on_mastodon":{"url":"https:\/\/pubeurope.com\/@fr\/115780426380822772","error":""},"_links":{"self":[{"href":"https:\/\/www.europesays.com\/fr\/wp-json\/wp\/v2\/posts\/621605","targetHints":{"allow":["GET"]}}],"collection":[{"href":"https:\/\/www.europesays.com\/fr\/wp-json\/wp\/v2\/posts"}],"about":[{"href":"https:\/\/www.europesays.com\/fr\/wp-json\/wp\/v2\/types\/post"}],"author":[{"embeddable":true,"href":"https:\/\/www.europesays.com\/fr\/wp-json\/wp\/v2\/users\/2"}],"replies":[{"embeddable":true,"href":"https:\/\/www.europesays.com\/fr\/wp-json\/wp\/v2\/comments?post=621605"}],"version-history":[{"count":0,"href":"https:\/\/www.europesays.com\/fr\/wp-json\/wp\/v2\/posts\/621605\/revisions"}],"wp:featuredmedia":[{"embeddable":true,"href":"https:\/\/www.europesays.com\/fr\/wp-json\/wp\/v2\/media\/621606"}],"wp:attachment":[{"href":"https:\/\/www.europesays.com\/fr\/wp-json\/wp\/v2\/media?parent=621605"}],"wp:term":[{"taxonomy":"category","embeddable":true,"href":"https:\/\/www.europesays.com\/fr\/wp-json\/wp\/v2\/categories?post=621605"},{"taxonomy":"post_tag","embeddable":true,"href":"https:\/\/www.europesays.com\/fr\/wp-json\/wp\/v2\/tags?post=621605"}],"curies":[{"name":"wp","href":"https:\/\/api.w.org\/{rel}","templated":true}]}}