{"id":621609,"date":"2025-12-25T13:26:10","date_gmt":"2025-12-25T13:26:10","guid":{"rendered":"https:\/\/www.europesays.com\/fr\/621609\/"},"modified":"2025-12-25T13:26:10","modified_gmt":"2025-12-25T13:26:10","slug":"une-deuxieme-liste-de-gauche-se-declare-au-bouscat","status":"publish","type":"post","link":"https:\/\/www.europesays.com\/fr\/621609\/","title":{"rendered":"une deuxi\u00e8me liste de gauche se d\u00e9clare au Bouscat"},"content":{"rendered":"<p>La banni\u00e8re Le Bouscat en commun qu\u2019elle porte rassemble les forces politiques du PCF et de LFI. D\u2019autres formations pourraient suivre. Il y aura \u00e9galement des citoyens non encart\u00e9s sur la liste. Quant \u00e0 la possibilit\u00e9 d\u2019une alliance au premier tour avec le Parti socialiste, elle s\u2019est d\u00e9finitivement \u00e9vanouie.<\/p>\n<p>Mara\u00eechage<\/p>\n<p>\u00ab\u00a0On a mis un certain temps \u00e0 se d\u00e9clarer parce qu\u2019on a \u0153uvr\u00e9 jusqu\u2019au bout pour obtenir l\u2019union de la gauche \u00e0 l\u2019image du Nouveau Front Populaire. Le rapprochement avec LFI a \u00e9t\u00e9 refus\u00e9. Claire Layan a pr\u00e9f\u00e9r\u00e9 s\u2019allier avec Place publique. \u00c0 un moment, il faut savoir regarder la r\u00e9alit\u00e9 en face et avancer\u00a0\u00bb, estime la candidate. Qui pourra profiter de l\u2019exp\u00e9rience du communiste Patrick Alvarez, \u00e9lu d\u2019opposition au Bouscat depuis 2014 et fin connaisseur de la ville, deux fois t\u00eate de liste en 2014 et 2020. \u00c0 ses c\u00f4t\u00e9s \u00e9galement, Youri Sabatier, 34\u00a0ans, \u00e0 LFI depuis 2022.<\/p>\n","protected":false},"excerpt":{"rendered":"La banni\u00e8re Le Bouscat en commun qu\u2019elle porte rassemble les forces politiques du PCF et de LFI. D\u2019autres&hellip;\n","protected":false},"author":2,"featured_media":621610,"comment_status":"","ping_status":"","sticky":false,"template":"","format":"standard","meta":{"footnotes":""},"categories":[2817],"tags":[1111,11,1997,1777,674,1011,27,12,2219,25],"class_list":{"0":"post-621609","1":"post","2":"type-post","3":"status-publish","4":"format-standard","5":"has-post-thumbnail","7":"category-bordeaux","8":"tag-actu","9":"tag-actualites","10":"tag-bordeaux","11":"tag-eu","12":"tag-europe","13":"tag-fr","14":"tag-france","15":"tag-news","16":"tag-nouvelle-aquitaine","17":"tag-republique-francaise"},"share_on_mastodon":{"url":"https:\/\/pubeurope.com\/@fr\/115780438443954104","error":""},"_links":{"self":[{"href":"https:\/\/www.europesays.com\/fr\/wp-json\/wp\/v2\/posts\/621609","targetHints":{"allow":["GET"]}}],"collection":[{"href":"https:\/\/www.europesays.com\/fr\/wp-json\/wp\/v2\/posts"}],"about":[{"href":"https:\/\/www.europesays.com\/fr\/wp-json\/wp\/v2\/types\/post"}],"author":[{"embeddable":true,"href":"https:\/\/www.europesays.com\/fr\/wp-json\/wp\/v2\/users\/2"}],"replies":[{"embeddable":true,"href":"https:\/\/www.europesays.com\/fr\/wp-json\/wp\/v2\/comments?post=621609"}],"version-history":[{"count":0,"href":"https:\/\/www.europesays.com\/fr\/wp-json\/wp\/v2\/posts\/621609\/revisions"}],"wp:featuredmedia":[{"embeddable":true,"href":"https:\/\/www.europesays.com\/fr\/wp-json\/wp\/v2\/media\/621610"}],"wp:attachment":[{"href":"https:\/\/www.europesays.com\/fr\/wp-json\/wp\/v2\/media?parent=621609"}],"wp:term":[{"taxonomy":"category","embeddable":true,"href":"https:\/\/www.europesays.com\/fr\/wp-json\/wp\/v2\/categories?post=621609"},{"taxonomy":"post_tag","embeddable":true,"href":"https:\/\/www.europesays.com\/fr\/wp-json\/wp\/v2\/tags?post=621609"}],"curies":[{"name":"wp","href":"https:\/\/api.w.org\/{rel}","templated":true}]}}