{"id":621611,"date":"2025-12-25T13:27:13","date_gmt":"2025-12-25T13:27:13","guid":{"rendered":"https:\/\/www.europesays.com\/fr\/621611\/"},"modified":"2025-12-25T13:27:13","modified_gmt":"2025-12-25T13:27:13","slug":"que-faire-a-bordeaux-ce-week-end-du-26-decembre","status":"publish","type":"post","link":"https:\/\/www.europesays.com\/fr\/621611\/","title":{"rendered":"Que faire \u00e0 Bordeaux ce week-end du 26 d\u00e9cembre ?"},"content":{"rendered":"\n<p><strong>Vous ignorez que faire \u00e0 Bordeaux ce week-end ? Par ici le programme :<\/strong><\/p>\n<p> Vendredi 26 d\u00e9cembre, quartier Saint-Pierre Venez vous taper des barres avec Camille Lellouche ! <img loading=\"lazy\" width=\"650\" height=\"813\" alt=\"Camille Lellouche en spectacle \u00e0 Bordeaux\" title=\"Quoi faire \u00e0 Bordeaux ce week-end du 26 d\u00e9cembre ? 1\"  nitro-lazy- nitro-lazy-src=\"https:\/\/cdn-ilbobfj.nitrocdn.com\/LLQyioEDmPooSUeshdcABKPnDEWJyTwh\/assets\/images\/optimized\/rev-fefab80\/quoifaireabordeaux.com\/wp-content\/uploads\/2025\/12\/camille-lelouche-bordeaux-comedy.jpg\" class=\"wp-image-18816725 nitro-lazy\" decoding=\"async\" nitro-lazy-empty=\"\" id=\"NTI0OjU4NQ==-1\" src=\"data:image\/svg+xml;nitro-empty-id=NTI0OjU4NQ==-1;base64,PHN2ZyB2aWV3Qm94PSIwIDAgNjUwIDgxMyIgd2lkdGg9IjY1MCIgaGVpZ2h0PSI4MTMiIHhtbG5zPSJodHRwOi8vd3d3LnczLm9yZy8yMDAwL3N2ZyI+PC9zdmc+\"\/> <\/p>\n<p>Les <strong>EMJY Comedy Show <\/strong>signent leur grand retour \u00e0 Bordeaux avec une \u00e9dition sp\u00e9ciale No\u00ebl qui promet des \u00e9clats de rire en cascade. Direction L\u2019Empire, en plein c\u0153ur du quartier Saint-Pierre, pour une soir\u00e9e plac\u00e9e sous le signe de l\u2019humour, de la surprise et de la bonne humeur. Le concept ? Un <strong>format \u201cCamille Lellouche &amp; Friends\u201d <\/strong>o\u00f9 l\u2019artiste partage la sc\u00e8ne avec quatre humoristes talentueux, dont les noms restent soigneusement gard\u00e9s\u2026 esprit de No\u00ebl oblige. Ajoutez \u00e0 cela une ambiance survolt\u00e9e, de quoi manger et boire sur place, et vous obtenez la recette parfaite pour finir l\u2019ann\u00e9e en beaut\u00e9 (abdos inclus).<\/p>\n<p><strong>Infos pratiques<\/strong><br \/>L\u2019Empire \u2013 14 Rue de la Devise, quartier Saint-Pierre, Bordeaux<br \/>Vendredi 26 d\u00e9cembre<br \/>Deux sessions : 18h et 20h<br \/>Camille Lellouche + 4 artistes invit\u00e9s<br \/>Restauration et boissons sur place<br \/>Billetterie <strong><a href=\"https:\/\/bit.ly\/4pUnma4\" target=\"_blank\" rel=\"noreferrer noopener\">ICI<\/a><\/strong><\/p>\n<p>Sponsoris\u00e9<\/p>\n<p> Vendredi 26 d\u00e9cembre dans les cin\u00e9mas UGC de la m\u00e9tropole Scary Vendredi, l\u2019\u00e9v\u00e9nement cin\u00e9ma qui fait froid dans le dos <\/p>\n<p>Dans le cadre du <strong>Scary Vendredi<\/strong>, UGC propose une red\u00e9couverte gla\u00e7ante de The Descent de Neil Marshall. Ce <strong>film culte<\/strong> du cin\u00e9ma horrifique plonge six jeunes femmes dans une exp\u00e9dition sp\u00e9l\u00e9ologique qui tourne au cauchemar lorsqu\u2019un \u00e9boulement les coupe de toute issue. Un huis clos souterrain, oppressant et <strong>terriblement efficace<\/strong>, r\u00e9serv\u00e9 aux spectateurs pr\u00eats \u00e0 retenir leur souffle.<\/p>\n<p><strong>Infos pratiques<\/strong><br \/>Vendredi 26 d\u00e9cembre<br \/>UGC Cin\u00e9 Cit\u00e9 Bordeaux \u2013 19h30<br \/>UGC Cin\u00e9 Cit\u00e9 Bassins \u00e0 Flot \u2013 19h30<br \/>UGC Talence \u2013 19h45<\/p>\n<p> Vendredi 26 d\u00e9cembre \u00e0 Bordeaux centre Le dernier afterwork festif de l\u2019ann\u00e9e \u00e0 la Villa Tourny <img loading=\"lazy\" width=\"700\" height=\"701\" alt=\"Soir\u00e9e afterwork \u00e0 la Villa Tourny\" title=\"Quoi faire \u00e0 Bordeaux ce week-end du 26 d\u00e9cembre ? 2\"  nitro-lazy- nitro-lazy-src=\"https:\/\/cdn-ilbobfj.nitrocdn.com\/LLQyioEDmPooSUeshdcABKPnDEWJyTwh\/assets\/images\/optimized\/rev-fefab80\/quoifaireabordeaux.com\/wp-content\/uploads\/2025\/12\/afterwork-villa-tourny.jpg\" class=\"wp-image-18816731 nitro-lazy\" decoding=\"async\" nitro-lazy-empty=\"\" id=\"NTcwOjg2MQ==-1\" src=\"data:image\/svg+xml;nitro-empty-id=NTcwOjg2MQ==-1;base64,PHN2ZyB2aWV3Qm94PSIwIDAgNzAwIDcwMSIgd2lkdGg9IjcwMCIgaGVpZ2h0PSI3MDEiIHhtbG5zPSJodHRwOi8vd3d3LnczLm9yZy8yMDAwL3N2ZyI+PC9zdmc+\"\/> <\/p>\n<p>La Villa Tourny donne rendez-vous pour le <strong>dernier afterwork<\/strong> de 2025, une soir\u00e9e pens\u00e9e comme un avant-go\u00fbt festif du R\u00e9veillon. Au programme, une ambiance musicale soign\u00e9e avec DJ Bertrand aux platines et un concert live de Jenny Belli, sans oublier la pr\u00e9sence de la marque de bijoux Au Clips.<\/p>\n<p><strong>Infos pratiques :<\/strong><br \/>Vendredi 26 d\u00e9cembre 2025<br \/>Villa Tourny<br \/>20 All\u00e9e de Tourny, Bordeaux<br \/>DJ set : Bertrand<br \/>Concert live : Jenny Belli<br \/>R\u00e9servation au 05 56 44 60 48<\/p>\n<p> Samedi 27 d\u00e9cembre au Bouscat Profitez de cette exposition de sons et lumi\u00e8res en acc\u00e8s libre dans les bois <img loading=\"lazy\" width=\"1024\" height=\"683\" alt=\"L'Hiver Enchant\u00e9 au Bois du Bouscat\" title=\"Quoi faire \u00e0 Bordeaux ce week-end du 26 d\u00e9cembre ? 3\"  nitro-lazy- nitro-lazy-src=\"https:\/\/cdn-ilbobfj.nitrocdn.com\/LLQyioEDmPooSUeshdcABKPnDEWJyTwh\/assets\/images\/optimized\/rev-fefab80\/quoifaireabordeaux.com\/wp-content\/uploads\/2024\/12\/Racha-RHD-5251_horizontal2-1024x683-1-708x.jpg\" class=\"wp-image-18796620 nitro-lazy\" decoding=\"async\" nitro-lazy-empty=\"\" id=\"NTkwOjg0MQ==-1\" src=\"data:image\/svg+xml;nitro-empty-id=NTkwOjg0MQ==-1;base64,PHN2ZyB2aWV3Qm94PSIwIDAgMTAyNCA2ODMiIHdpZHRoPSIxMDI0IiBoZWlnaHQ9IjY4MyIgeG1sbnM9Imh0dHA6Ly93d3cudzMub3JnLzIwMDAvc3ZnIj48L3N2Zz4=\"\/> <\/p>\n<p>L\u2019Hiver Enchant\u00e9 du Carrousel se r\u00e9invente au Bois du Bouscat avec <strong>Nouvelles Racines<\/strong>, un cycle artistique au long cours port\u00e9 par le collectif LiBeR. Pens\u00e9 comme un <strong>mus\u00e9e vivant<\/strong> \u00e0 ciel ouvert, le projet fait dialoguer cr\u00e9ations artistiques, nature et habitants au fil des saisons. Trois nouvelles \u0153uvres participatives, con\u00e7ues avec le public, rejoignent celles d\u00e9j\u00e0 pr\u00e9sentes et \u00e9voluent dans le bois jusqu\u2019au printemps 2026. Entre parcours nocturne, installations sensibles, rencontres artistiques et moments conviviaux, l\u2019\u00e9v\u00e9nement propose une <strong>immersion po\u00e9tique<\/strong> accessible \u00e0 tous, \u00e0 vivre librement ou lors des temps forts de la programmation.<\/p>\n<p><strong>Informations pratiques<\/strong><br \/>Lieu : Bois du Bouscat, entre les r\u00e9sidences Lyautey et Champ de Course<br \/>Dates : soir\u00e9e d\u2019ouverture le vendredi 19 d\u00e9cembre 2025 ; parcours en visite libre du 20 d\u00e9cembre 2025 au 22 f\u00e9vrier 2026<br \/>Horaires : tous les jours de 17h30 \u00e0 20h (hors jours de courses hippiques et fermetures pour intemp\u00e9ries)<br \/>Soir\u00e9e d\u2019ouverture : vendredi 19 d\u00e9cembre 2025, de 19h \u00e0 23h (rencontres, spectacles, restauration)<br \/>Caf\u00e9 Passant : tous les mercredis de 15h \u00e0 17h, devant l\u2019entr\u00e9e du bois, boulevard Lyautey<\/p>\n<p>Plus d\u2019infos <strong><a href=\"https:\/\/quoifaireabordeaux.com\/hiver-enchante-bois-du-bouscat-edition-2024\/\" target=\"_blank\" rel=\"noreferrer noopener\">ICI<\/a><\/strong><\/p>\n<p> Samedi 27 d\u00e9cembre aux Chartrons Il r\u00e9invite les grands classiques de la soul US <img loading=\"lazy\" width=\"700\" height=\"394\" alt=\"Que faire \u00e0 Bordeaux ce week-end ? Concert soul\" title=\"Quoi faire \u00e0 Bordeaux ce week-end du 26 d\u00e9cembre ? 4\"  nitro-lazy- nitro-lazy-src=\"https:\/\/cdn-ilbobfj.nitrocdn.com\/LLQyioEDmPooSUeshdcABKPnDEWJyTwh\/assets\/images\/optimized\/rev-fefab80\/quoifaireabordeaux.com\/wp-content\/uploads\/2025\/12\/concert-soul-bordeaux.jpg\" class=\"wp-image-18816723 nitro-lazy\" decoding=\"async\" nitro-lazy-empty=\"\" id=\"NjE0OjY3MQ==-1\" src=\"data:image\/svg+xml;nitro-empty-id=NjE0OjY3MQ==-1;base64,PHN2ZyB2aWV3Qm94PSIwIDAgNzAwIDM5NCIgd2lkdGg9IjcwMCIgaGVpZ2h0PSIzOTQiIHhtbG5zPSJodHRwOi8vd3d3LnczLm9yZy8yMDAwL3N2ZyI+PC9zdmc+\"\/> <\/p>\n<p>MONK fait vibrer la sc\u00e8ne en revisitant avec panache les grands classiques de la soul am\u00e9ricaine, d\u2019Otis Redding \u00e0 Stevie Wonder. Groove solide, sax aff\u00fbt\u00e9 et voix habit\u00e9e : le cocktail est irr\u00e9sistible. Le funk y est roi, l\u2019\u00e9nergie circule, les sourires aussi\u2026 bref, un concert qui donne envie de bouger sans demander la permission.<\/p>\n<p><strong>Infos pratiques<\/strong><br \/><strong>Samedi 27 d\u00e9cembre<\/strong> \u2013 Concert \u00e0 <strong>21h<\/strong><br \/><strong>Bar &amp; restauration<\/strong> d\u00e8s <strong>19h30<\/strong><br \/><strong>Billetterie en ligne<\/strong> ouverte<br \/><strong>Pr\u00e9vente : 10,39 \u20ac<\/strong><\/p>\n<p>Billetterie <strong><a href=\"https:\/\/l.facebook.com\/l.php?u=https%3A%2F%2Fwww.billetweb.fr%2Fmulti_event.php%3Fuser%3D265582%26fbclid%3DIwZXh0bgNhZW0CMTAAYnJpZBExUjA5dVh0YjFHQ3hhRGlhSHNydGMGYXBwX2lkEDIyMjAzOTE3ODgyMDA4OTIAAR76U9qmlPcC0cyzalZGjnwEebBAeYVf1mFi-x7Cahx4ctLSit72CvTChWdUBw_aem_Rp1l6qpeCcw9vF1iLofmsA&amp;h=AT3_M6Gv2-UAsX7EareBlY-sWoMDLi3fvv_e4dreFJVwyn6TUj7bckL05zTaAwz0vJhwFpVZx1H7kWcssoXk5mx8IEbIz04VsOCwsemwUc607Yxaujn1R_mqLT_QSNJTHHKKBw\" target=\"_blank\" rel=\"noreferrer noopener\">ICI<\/a><\/strong><\/p>\n<p> Dimanche 28 d\u00e9cembre au CAPC Le mus\u00e9e organise ce dimanche une f\u00eate de fin d\u2019ann\u00e9e gratuite pour les enfants <img loading=\"lazy\" width=\"700\" height=\"700\" alt=\"Cool Kids Space\" title=\"Quoi faire \u00e0 Bordeaux ce week-end du 26 d\u00e9cembre ? 5\"  nitro-lazy- nitro-lazy-src=\"https:\/\/cdn-ilbobfj.nitrocdn.com\/LLQyioEDmPooSUeshdcABKPnDEWJyTwh\/assets\/images\/optimized\/rev-fefab80\/quoifaireabordeaux.com\/wp-content\/uploads\/2025\/12\/cool-kids-club.jpg\" class=\"wp-image-18816696 nitro-lazy\" decoding=\"async\" nitro-lazy-empty=\"\" id=\"NjM4Ojc5Mg==-1\" src=\"data:image\/svg+xml;nitro-empty-id=NjM4Ojc5Mg==-1;base64,PHN2ZyB2aWV3Qm94PSIwIDAgNzAwIDcwMCIgd2lkdGg9IjcwMCIgaGVpZ2h0PSI3MDAiIHhtbG5zPSJodHRwOi8vd3d3LnczLm9yZy8yMDAwL3N2ZyI+PC9zdmc+\"\/> <\/p>\n<p>La f\u00eate de fin d\u2019ann\u00e9e 2025 du <strong>CAPC Kids<\/strong> promet une journ\u00e9e joyeusement cr\u00e9ative au <strong>mus\u00e9e d\u2019art contemporain de Bordeaux<\/strong>. Le dimanche 28 d\u00e9cembre, le CAPC se transforme en grand terrain de jeu artistique o\u00f9 familles et enfants explorent l\u2019art sans chuchoter ni marcher au pas. <strong>Ateliers DIY, cr\u00e9ations \u00e0 base de r\u00e9cup\u2019, s\u00e9rigraphie paillet\u00e9e, chasse au tr\u00e9sor chocolat\u00e9e et visites ludiques <\/strong>fa\u00e7on pirates rythment la journ\u00e9e. Le Cool Kids Space, avec son toboggan, ses installations interactives et ses espaces de construction, devient le QG des petits explorateurs, pendant que les parents savourent l\u2019ambiance d\u00e9tendue (et parfois un caf\u00e9 salvateur).<\/p>\n<p><strong>Informations pratiques<\/strong><br \/><strong>\u00c9v\u00e9nement :<\/strong> F\u00eate de fin d\u2019ann\u00e9e du CAPC Kids<br \/><strong>Date :<\/strong> Dimanche 28 d\u00e9cembre 2025<br \/><strong>Horaires :<\/strong> De 11h \u00e0 18h<br \/><strong>Lieu :<\/strong> CAPC Mus\u00e9e d\u2019art contemporain<br \/><strong>Adresse :<\/strong> 7 rue Ferr\u00e8re, 33000 Bordeaux<\/p>\n<p><strong>Tarifs :<\/strong><\/p>\n<ul class=\"wp-block-list\">\n<li>Gratuit pour les enfants<\/li>\n<li>8 \u20ac tarif plein<\/li>\n<li>4,50 \u20ac tarif r\u00e9duit<\/li>\n<li>2 \u20ac pour les \u00e9tudiants<\/li>\n<\/ul>\n<p>Plus d\u2019infos <strong><a href=\"https:\/\/quoifaireabordeaux.com\/fete-fin-dannee-capc-kids\/\" target=\"_blank\" rel=\"noreferrer noopener\">ICI<\/a><\/strong><\/p>\n<p>Sponsoris\u00e9<\/p>\n<p> Dimanche 28 d\u00e9cembre \u00e0 Floirac La compagnie Shen Yun revient \u00e0 l\u2019Ark\u00e9a Arena <\/p>\n<p><strong>Shen Yun<\/strong> fait son grand retour \u00e0 l\u2019Ark\u00e9a Arena avec une s\u00e9rie de repr\u00e9sentations exceptionnelles fin d\u00e9cembre 2025. Ce spectacle invite le public \u00e0 un voyage po\u00e9tique au c\u0153ur de la Chine antique, entre danses classiques et ethniques, r\u00e9cits empreints de sagesse et tableaux visuels d\u2019une grande finesse. Costumes somptueux, virtuosit\u00e9 des artistes et gr\u00e2ce des danseuses composent une parenth\u00e8se hors du temps, pens\u00e9e pour \u00e9merveiller et apaiser. \u00c0 travers cet art ancestral inspir\u00e9 du divin, une civilisation mill\u00e9naire rena\u00eet sous les yeux des spectateurs.<\/p>\n<p><strong>Infos pratiques<\/strong><br \/>Dates et horaires :<br \/>\u2013 27 d\u00e9cembre 2025 \u00e0 20h (ouverture des portes \u00e0 18h30)<br \/>\u2013 28 d\u00e9cembre 2025 \u00e0 13h (ouverture des portes \u00e0 11h30)<br \/>\u2013 28 d\u00e9cembre 2025 \u00e0 19h (ouverture des portes \u00e0 17h30)<\/p>\n<p>Lieu : Ark\u00e9a Arena, 48-50 avenue Jean Alfons\u00e9a, 33270 Floirac<br \/>Billetterie <strong><a href=\"https:\/\/www.arkeaarena.com\/evenements\/shen-yun-spectacle-27-decembre-au-31-decembre-2025-billetterie-bordeaux\" target=\"_blank\" rel=\"noreferrer noopener\">ICI<\/a><\/strong> r\u00e9servations ouvertes, billets disponibles (acc\u00e8s PMR\/PSH)<\/p>\n<p> Dimanche 28 d\u00e9cembre, place des Quinconces Le dernier jour du march\u00e9 de No\u00ebl de Bordeaux <img loading=\"lazy\" width=\"700\" height=\"535\" alt=\"March\u00e9 de no\u00ebl sur la place des quinconces\" title=\"Quoi faire \u00e0 Bordeaux ce week-end du 26 d\u00e9cembre ? 6\"  nitro-lazy- nitro-lazy-src=\"https:\/\/cdn-ilbobfj.nitrocdn.com\/LLQyioEDmPooSUeshdcABKPnDEWJyTwh\/assets\/images\/optimized\/rev-fefab80\/quoifaireabordeaux.com\/wp-content\/uploads\/2025\/09\/marche-noel-bordeaux-2025.jpg\" class=\"wp-image-18812355 nitro-lazy\" decoding=\"async\" nitro-lazy-empty=\"\" id=\"NzE0OjU4MQ==-1\" src=\"data:image\/svg+xml;nitro-empty-id=NzE0OjU4MQ==-1;base64,PHN2ZyB2aWV3Qm94PSIwIDAgNzAwIDUzNSIgd2lkdGg9IjcwMCIgaGVpZ2h0PSI1MzUiIHhtbG5zPSJodHRwOi8vd3d3LnczLm9yZy8yMDAwL3N2ZyI+PC9zdmc+\"\/> <\/p>\n<p>C\u2019est <strong>le dernier jour<\/strong>, ce dimanche 28 d\u00e9cembre, pour profiter du <a href=\"https:\/\/quoifaireabordeaux.com\/info-marche-de-noel-de-bordeaux\/\" target=\"_blank\" rel=\"noreferrer noopener\">march\u00e9 de No\u00ebl de Bordeaux<\/a> et faire le plein d\u2019<strong>ambiance festive<\/strong>. Depuis fin novembre, la Place des Quinconces s\u2019est transform\u00e9e en village f\u00e9erique avec plus de cent chalets, des artisans venus de toute la r\u00e9gion, des animations familiales et une belle offre gourmande.<\/p>\n<p><strong>Infos pratiques<\/strong><br \/>Dates : jusqu\u2019au dimanche 28 d\u00e9cembre 2025<br \/>Lieu : Place des Quinconces, 33000 Bordeaux<br \/>Horaires : tous les jours de 11h \u00e0 21h30<br \/>Tarif : entr\u00e9e gratuite<\/p>\n","protected":false},"excerpt":{"rendered":"Vous ignorez que faire \u00e0 Bordeaux ce week-end ? Par ici le programme : Vendredi 26 d\u00e9cembre, quartier&hellip;\n","protected":false},"author":2,"featured_media":334038,"comment_status":"","ping_status":"","sticky":false,"template":"","format":"standard","meta":{"footnotes":""},"categories":[2817],"tags":[1111,11,1997,1777,674,1011,27,12,2219,25],"class_list":{"0":"post-621611","1":"post","2":"type-post","3":"status-publish","4":"format-standard","5":"has-post-thumbnail","7":"category-bordeaux","8":"tag-actu","9":"tag-actualites","10":"tag-bordeaux","11":"tag-eu","12":"tag-europe","13":"tag-fr","14":"tag-france","15":"tag-news","16":"tag-nouvelle-aquitaine","17":"tag-republique-francaise"},"share_on_mastodon":{"url":"https:\/\/pubeurope.com\/@fr\/115780442211741004","error":""},"_links":{"self":[{"href":"https:\/\/www.europesays.com\/fr\/wp-json\/wp\/v2\/posts\/621611","targetHints":{"allow":["GET"]}}],"collection":[{"href":"https:\/\/www.europesays.com\/fr\/wp-json\/wp\/v2\/posts"}],"about":[{"href":"https:\/\/www.europesays.com\/fr\/wp-json\/wp\/v2\/types\/post"}],"author":[{"embeddable":true,"href":"https:\/\/www.europesays.com\/fr\/wp-json\/wp\/v2\/users\/2"}],"replies":[{"embeddable":true,"href":"https:\/\/www.europesays.com\/fr\/wp-json\/wp\/v2\/comments?post=621611"}],"version-history":[{"count":0,"href":"https:\/\/www.europesays.com\/fr\/wp-json\/wp\/v2\/posts\/621611\/revisions"}],"wp:featuredmedia":[{"embeddable":true,"href":"https:\/\/www.europesays.com\/fr\/wp-json\/wp\/v2\/media\/334038"}],"wp:attachment":[{"href":"https:\/\/www.europesays.com\/fr\/wp-json\/wp\/v2\/media?parent=621611"}],"wp:term":[{"taxonomy":"category","embeddable":true,"href":"https:\/\/www.europesays.com\/fr\/wp-json\/wp\/v2\/categories?post=621611"},{"taxonomy":"post_tag","embeddable":true,"href":"https:\/\/www.europesays.com\/fr\/wp-json\/wp\/v2\/tags?post=621611"}],"curies":[{"name":"wp","href":"https:\/\/api.w.org\/{rel}","templated":true}]}}