{"id":621618,"date":"2025-12-25T13:32:40","date_gmt":"2025-12-25T13:32:40","guid":{"rendered":"https:\/\/www.europesays.com\/fr\/621618\/"},"modified":"2025-12-25T13:32:40","modified_gmt":"2025-12-25T13:32:40","slug":"2025-a-lille-en-25-photos-actualites","status":"publish","type":"post","link":"https:\/\/www.europesays.com\/fr\/621618\/","title":{"rendered":"2025 \u00e0 Lille en 25 photos \/ Actualit\u00e9s"},"content":{"rendered":"<p>Braderie, Tour de France, projets urbains, \u00e9v\u00e9nements culturels et sportifs&#8230; Retour en images sur le meilleur de l&rsquo;ann\u00e9e 2025.<\/p>\n<p>            <img loading=\"lazy\" decoding=\"async\" src=\"\/var\/www\/storage\/images\/mediatheque\/mairie-de-lille\/actualites\/objets-multimedia\/galeries-d-images\/2025\/decembre-2025\/le-meilleur-de-l-annee-2025-en-photos\/2025-3\/3650938-4-fre-FR\/2025-3_news_image_top.jpg\" width=\"779\" height=\"519\" alt=\"\"\/><br \/>\n    \tFiesta, saison de lille3000 (parade d&rsquo;ouverture, avril 2025)<\/p>\n<p><strong>2025 en 25 photos marquantes<\/strong>\t<\/p>\n<ul>\n<li style=\"background-image: url(\" data-galerie-slide=\"\">\n\t\t\t\t\t\t\t\t\t\t\tTour de France 2025, grand d\u00e9part \u00e0 Lille (juillet 2025)<\/p>\n<\/li>\n<li style=\"background-image: url(\" data-galerie-slide=\"\">\n\t\t\t\t\t\t\t\t\t\t\tInauguration du Palais Rameau (janvier 2025)<\/p>\n<\/li>\n<li style=\"background-image: url(\" data-galerie-slide=\"\">\n\t\t\t\t\t\t\t\t\t\t\tLille Aventure Nature, grand village d&rsquo;animations sur la nouvelle plaine Marx Dormoy (\u00e9t\u00e9 2025)<\/p>\n<\/li>\n<li style=\"background-image: url(\" data-galerie-slide=\"\">\n\t\t\t\t\t\t\t\t\t\t\tConcertation sur la pi\u00e9tonnisation de la Grand&rsquo;Place (septembre 2025)<\/p>\n<\/li>\n<li style=\"background-image: url(\" data-galerie-slide=\"\">\n\t\t\t\t\t\t\t\t\t\t\tM\u00e9tamorphose du boulevard Carnot (photo ao\u00fbt 2025)<\/p>\n<\/li>\n<li style=\"background-image: url(\" data-galerie-slide=\"\">\n\t\t\t\t\t\t\t\t\t\t\tOctobre rose (ici, le challenge du Ruban rose, octobre 2025)<\/p>\n<\/li>\n<li style=\"background-image: url(\" data-galerie-slide=\"\">\n\t\t\t\t\t\t\t\t\t\t\tLa Braderie la plus c\u00e9l\u00e8bre au monde ! (septembre 2025)<\/p>\n<\/li>\n<li style=\"background-image: url(\" data-galerie-slide=\"\">\n\t\t\t\t\t\t\t\t\t\t\tUrban Trail et courses de Lille (novembre 2025)<\/p>\n<\/li>\n<li style=\"background-image: url(\" data-galerie-slide=\"\">\n\t\t\t\t\t\t\t\t\t\t\tInauguration du jardin Line Renaud, dans le Vieux-Lille (d\u00e9cembre 2025)<\/p>\n<\/li>\n<li style=\"background-image: url(\" data-galerie-slide=\"\">\n\t\t\t\t\t\t\t\t\t\t\tLille a ouvert ses portes aux Journ\u00e9es europ\u00e9ennes du patrimoine (ici l&rsquo;Op\u00e9ra, septembre 2025)<\/p>\n<\/li>\n<li style=\"background-image: url(\" data-galerie-slide=\"\">\n\t\t\t\t\t\t\t\t\t\t\tVillage de No\u00ebl, grande roue et festivit\u00e9s de fin d&rsquo;ann\u00e9e (d\u00e9cembre 2025)<\/p>\n<\/li>\n<li style=\"background-image: url(\" data-galerie-slide=\"\">\n\t\t\t\t\t\t\t\t\t\t\tM\u00e9tamorphose de la rue Pierre Mauroy et des abords de la Porte de Paris<\/p>\n<\/li>\n<li style=\"background-image: url(\" data-galerie-slide=\"\">\n\t\t\t\t\t\t\t\t\t\t\tFestival S\u00e9ries Mania (mars 2025)<\/p>\n<\/li>\n<li style=\"background-image: url(\" data-galerie-slide=\"\">\n\t\t\t\t\t\t\t\t\t\t\tLille Neige 2025 \u00e0 la Gare Saint Sauveur (f\u00e9vrier 2025)<\/p>\n<\/li>\n<li style=\"background-image: url(\" data-galerie-slide=\"\">\n\t\t\t\t\t\t\t\t\t\t\tLa Louche d&rsquo;Or, festival de la soupe \u00e0 Wazemmes ! (mai 2025)<\/p>\n<\/li>\n<li style=\"background-image: url(\" data-galerie-slide=\"\">\n\t\t\t\t\t\t\t\t\t\t\tLille&rsquo;Umin\u00e9e, rando v\u00e9lo musicale (ici \u00e0 Fives Cail). Novembre 2025<\/p>\n<\/li>\n<li style=\"background-image: url(\" data-galerie-slide=\"\">\n\t\t\t\t\t\t\t\t\t\t\tF\u00eates de Fives, un incontournable de l&rsquo;\u00e9t\u00e9 ! (juin 2025)<\/p>\n<\/li>\n<li style=\"background-image: url(\" data-galerie-slide=\"\">\n\t\t\t\t\t\t\t\t\t\t\tMois et Marche des fiert\u00e9s (mai 2025)<\/p>\n<\/li>\n<li style=\"background-image: url(\" data-galerie-slide=\"\">\n\t\t\t\t\t\t\t\t\t\t\tFiesta, saison de lille3000 (parade d&rsquo;ouverture, avril 2025)<\/p>\n<\/li>\n<li style=\"background-image: url(\" data-galerie-slide=\"\">\n\t\t\t\t\t\t\t\t\t\t\tM\u00e9tamorphose de la rue du Molinel (ao\u00fbt 2025)<\/p>\n<\/li>\n<li style=\"background-image: url(\" data-galerie-slide=\"\">\n\t\t\t\t\t\t\t\t\t\t\tLutte pour les droits des femmes (mars 2025)<\/p>\n<\/li>\n<li style=\"background-image: url(\" data-galerie-slide=\"\">\n\t\t\t\t\t\t\t\t\t\t\tRemise en eau des bassins du Jardin des Plantes (f\u00e9vrier 2025)<\/p>\n<\/li>\n<li style=\"background-image: url(\" data-galerie-slide=\"\">\n\t\t\t\t\t\t\t\t\t\t\tM\u00e9tamorphose de la place Jeanne d&rsquo;Arc (photo mai 2025)<\/p>\n<\/li>\n<li style=\"background-image: url(\" data-galerie-slide=\"\">\n\t\t\t\t\t\t\t\t\t\t\tM\u00e9tamorphose de la rue de Solf\u00e9rino (photo septembre 2025)<\/p>\n<\/li>\n<li style=\"background-image: url(\" data-galerie-slide=\"\">\n\t\t\t\t\t\t\t\t\t\t\tF\u00eate de la musique (juin 2025)<\/p>\n<\/li>\n<\/ul>\n<p>Mais aussi&#8230;Lille Durable et apais\u00e9e<\/p>\n<p><strong>M\u00e9tamorphoses paysag\u00e8res :<\/strong><\/p>\n<ul class=\"listPuce\">\n<li>Rue Pierre Mauroy<\/li>\n<li>Rue du Molinel<\/li>\n<li>Rue de Solf\u00e9rino<\/li>\n<li>Boulevard Carnot<\/li>\n<li>Place du Mar\u00e9chal Leclerc<\/li>\n<li>Place Jeanne d\u2019Arc<\/li>\n<li>Place Philippe Lebon<\/li>\n<li>Bassins du Jardin des Plantes<\/li>\n<li>Plaine Marx Dormoy<\/li>\n<\/ul>\n<p>Et :<\/p>\n<ul class=\"listPuce\">\n<li>Pr\u00e9sentation de la m\u00e9tamorphose du Peuple Belge<\/li>\n<li>14 nouveaux signataires du Pacte Lille Bas Carbone (soit 195 signataires au total)<\/li>\n<li>Inauguration du Palais Rameau<\/li>\n<\/ul>\n<p><strong>Travaux et am\u00e9nagements scolaires<\/strong><\/p>\n<ul class=\"listPuce\">\n<li>Deux nouvelles \u00e9coles \u00e0 Fives : Brasseur et George Sand<\/li>\n<li>Travaux de r\u00e9novation \u00e9nerg\u00e9tique \u00e0 l\u2019\u00e9cole Andr\u00e9<\/li>\n<li>D\u00e9bitumisation de l\u2019\u00e9cole Thierry Launay<\/li>\n<\/ul>\n<p><strong>Tranquillit\u00e9 publique et vie nocturne<\/strong><\/p>\n<ul class=\"listPuce\">\n<li>Mise en place d\u2019un nouveau dispositif de s\u00e9curisation du secteur Solf\u00e9rino\u2013Mass\u00e9na.<\/li>\n<li>Recrutement de policiers municipaux<\/li>\n<li>Installation de cam\u00e9ras<\/li>\n<\/ul>\n<p>Lille inclusive et bienveillante<\/p>\n<p><strong>\u00c9galit\u00e9 et droits<\/strong><\/p>\n<ul class=\"listPuce\">\n<li>Droit des femmes<\/li>\n<li>Marche des fiert\u00e9s<\/li>\n<li>Les violences faites aux femmes<\/li>\n<\/ul>\n<p><strong>Solidarit\u00e9<\/strong><\/p>\n<ul class=\"listPuce\">\n<li>Bal des seniors<\/li>\n<li>Cr\u00e9ation de la Maison des Parents<\/li>\n<li>S\u00e9jours de r\u00e9pit pour des enfants ukrainiens<\/li>\n<li>Distribution des colis de No\u00ebl aux seniors<\/li>\n<li>R\u00e9veillons solidaires<\/li>\n<\/ul>\n<p><strong>\u00c9ducation, jeunesse et engagement<\/strong><\/p>\n<ul class=\"listPuce\">\n<li>20 ans du Projet \u00e9ducatif global<\/li>\n<li>Forum des associations<\/li>\n<\/ul>\n<p><strong>Cadre de vie et am\u00e9nagement urbain<\/strong><\/p>\n<ul class=\"listPuce\">\n<li>Poursuite de la m\u00e9tamorphose du secteur Concorde<\/li>\n<li>D\u00e9but de la d\u00e9construction du secteur des Aviateurs<\/li>\n<\/ul>\n<p><strong>Sant\u00e9 et pr\u00e9vention<\/strong><\/p>\n<ul class=\"listPuce\">\n<li>Octobre Rose<\/li>\n<li>Bus du C\u0153ur<\/li>\n<\/ul>\n<p>Proximit\u00e9<\/p>\n<ul class=\"listPuce\">\n<li>Concertation sur la pi\u00e9tonnisation de la Grand&rsquo;Place<\/li>\n<li>Renouvellement du Conseil municipal d\u2019enfants<\/li>\n<li>Renouvellement du Conseil lillois de la jeunesse<\/li>\n<li>50 ans des mairies de quartier<\/li>\n<li>Exp\u00e9rimentation du salon citoyen \u00e0 Fives<\/li>\n<li>Accueil des nouveaux habitants<\/li>\n<li>D\u00e9veloppement des cha\u00eenes WhatsApp des quartiers<\/li>\n<\/ul>\n<p>Lille en mouvement<\/p>\n<p><strong>Temps forts et grands \u00e9v\u00e9nements<\/strong><\/p>\n<ul class=\"listPuce\">\n<li>Lille Neige<\/li>\n<li>S\u00e9ries Mania<\/li>\n<li>Vid\u00e9o Mapping Festival<\/li>\n<li>Nouvelle \u00e9dition lille3000 : Fiesta<\/li>\n<li>11\u1d49 \u00e9dition de Solid\u2019art<\/li>\n<li>F\u00eate de la musique<\/li>\n<li>Grand d\u00e9part du Tour de France de cyclisme<\/li>\n<li>Lille Aventure Nature<\/li>\n<li>Braderie de Lille<\/li>\n<li>No\u00ebl \u00e0 Lille<\/li>\n<\/ul>\n<p><strong>Animations et rendez-vous de quartier<\/strong><\/p>\n<ul class=\"listPuce\">\n<li>Festival de la Louche d\u2019Or<\/li>\n<li>Festival des jardins<\/li>\n<li>F\u00eates de Fives<\/li>\n<li>Week-end de la Gare d\u2019eau<\/li>\n<li>No\u00ebl \u00e0 Fives<\/li>\n<\/ul>\n<p><strong>Sport<\/strong><\/p>\n<ul class=\"listPuce\">\n<li>Semi-marathon de Lille<\/li>\n<li>Urban Trail<\/li>\n<li>Piscine Camille-Muffat : lancement des travaux<\/li>\n<li>Travaux de la salle de sport de la ZAC Saint-Sauveur\u00a0<\/li>\n<\/ul>\n<p><strong>Patrimoine, culture et m\u00e9moire<\/strong><\/p>\n<ul class=\"listPuce\">\n<li>Inauguration de la statue du P\u2019tit Quinquin<\/li>\n<li>Restauration du Monument aux Fusill\u00e9s<\/li>\n<li>20 ans du jumelage avec Oujda<\/li>\n<\/ul>\n<p>Lille distingu\u00e9e<\/p>\n<ul class=\"listPuce\">\n<li>Lille class\u00e9e 1\u02b3\u1d49 ville de France o\u00f9 il fait bon vivre avec son chien<\/li>\n<li>Label Ville fleurie \u2013 3 fleurs<\/li>\n<li>Prix \u00c9co-Propre \u2013 3 \u00e9toiles<\/li>\n<li>Label Territoire bio engag\u00e9<\/li>\n<li>Label \u00ab\u00a0Ville \u00e0 v\u00e9lo\u00a0\u00bb<\/li>\n<\/ul>\n<p>Campagnes de com&rsquo;<\/p>\n<ul class=\"listPuce\">\n<li>Braderie de Lille (avec l&rsquo;artiste Dabeull)<\/li>\n<li>\u00ab\u00a0Monstre\u00a0\u00bb (lutte contre les violences faites aux femmes)<\/li>\n<li>Partage de l&rsquo;espace public : campagne inspir\u00e9e des sites de rencontre<\/li>\n<\/ul>\n","protected":false},"excerpt":{"rendered":"Braderie, Tour de France, projets urbains, \u00e9v\u00e9nements culturels et sportifs&#8230; Retour en images sur le meilleur de l&rsquo;ann\u00e9e&hellip;\n","protected":false},"author":2,"featured_media":621619,"comment_status":"","ping_status":"","sticky":false,"template":"","format":"standard","meta":{"footnotes":""},"categories":[2815],"tags":[1111,11,4763,1777,674,1011,27,811,1307,5415,12,25],"class_list":{"0":"post-621618","1":"post","2":"type-post","3":"status-publish","4":"format-standard","5":"has-post-thumbnail","7":"category-lille","8":"tag-actu","9":"tag-actualites","10":"tag-agenda","11":"tag-eu","12":"tag-europe","13":"tag-fr","14":"tag-france","15":"tag-hauts-de-france","16":"tag-lille","17":"tag-mairie","18":"tag-news","19":"tag-republique-francaise"},"share_on_mastodon":{"url":"https:\/\/pubeurope.com\/@fr\/115780462525801725","error":""},"_links":{"self":[{"href":"https:\/\/www.europesays.com\/fr\/wp-json\/wp\/v2\/posts\/621618","targetHints":{"allow":["GET"]}}],"collection":[{"href":"https:\/\/www.europesays.com\/fr\/wp-json\/wp\/v2\/posts"}],"about":[{"href":"https:\/\/www.europesays.com\/fr\/wp-json\/wp\/v2\/types\/post"}],"author":[{"embeddable":true,"href":"https:\/\/www.europesays.com\/fr\/wp-json\/wp\/v2\/users\/2"}],"replies":[{"embeddable":true,"href":"https:\/\/www.europesays.com\/fr\/wp-json\/wp\/v2\/comments?post=621618"}],"version-history":[{"count":0,"href":"https:\/\/www.europesays.com\/fr\/wp-json\/wp\/v2\/posts\/621618\/revisions"}],"wp:featuredmedia":[{"embeddable":true,"href":"https:\/\/www.europesays.com\/fr\/wp-json\/wp\/v2\/media\/621619"}],"wp:attachment":[{"href":"https:\/\/www.europesays.com\/fr\/wp-json\/wp\/v2\/media?parent=621618"}],"wp:term":[{"taxonomy":"category","embeddable":true,"href":"https:\/\/www.europesays.com\/fr\/wp-json\/wp\/v2\/categories?post=621618"},{"taxonomy":"post_tag","embeddable":true,"href":"https:\/\/www.europesays.com\/fr\/wp-json\/wp\/v2\/tags?post=621618"}],"curies":[{"name":"wp","href":"https:\/\/api.w.org\/{rel}","templated":true}]}}