{"id":621624,"date":"2025-12-25T13:35:12","date_gmt":"2025-12-25T13:35:12","guid":{"rendered":"https:\/\/www.europesays.com\/fr\/621624\/"},"modified":"2025-12-25T13:35:12","modified_gmt":"2025-12-25T13:35:12","slug":"ils-devalisent-des-magasins-pour-faire-leurs-cadeaux-de-noel","status":"publish","type":"post","link":"https:\/\/www.europesays.com\/fr\/621624\/","title":{"rendered":"ils d\u00e9valisent des magasins pour faire leurs cadeaux de No\u00ebl"},"content":{"rendered":"<p>C&rsquo;est ce que se sont dit ces deux hommes mercredi \u00e0 la mi-journ\u00e9e.<\/p>\n<p>A quelques heures du r\u00e9veillon, leurs emplettes de derni\u00e8re minute \u00e0 Villefranche-sur-Sa\u00f4ne se sont transform\u00e9es en larcins. Trois enseignes de la rue Nationale ont ainsi \u00e9t\u00e9 d\u00e9valis\u00e9es. Et lorsqu&rsquo;un g\u00e9rant s&rsquo;est rendu compte du vol de plusieurs articles, il a pr\u00e9venu les autorit\u00e9s.<\/p>\n<p>Un \u00e9quipage de police municipale a rep\u00e9r\u00e9 le duo, interpell\u00e9 en flagrant d\u00e9lit avec son butin estim\u00e9 \u00e0 350 euros. Il s&rsquo;agissait essentiellement de parfums et de cosm\u00e9tiques.<\/p>\n<p>Puisqu&rsquo;ils ont imm\u00e9diatement reconnu les faits, les voleurs ont \u00e9t\u00e9 rel\u00e2ch\u00e9s pour qu&rsquo;ils puissent passer No\u00ebl en famille plut\u00f4t qu&rsquo;en garde \u00e0 vue. Ils seront jug\u00e9s en mai prochain \u00e0 l&rsquo;occasion d&rsquo;une CRPC.<\/p>\n","protected":false},"excerpt":{"rendered":"C&rsquo;est ce que se sont dit ces deux hommes mercredi \u00e0 la mi-journ\u00e9e. A quelques heures du r\u00e9veillon,&hellip;\n","protected":false},"author":2,"featured_media":621625,"comment_status":"","ping_status":"","sticky":false,"template":"","format":"standard","meta":{"footnotes":""},"categories":[1889],"tags":[1111,11,2813,2190,2430,1109,251,1112,2811,1777,674,118,1011,27,1922,1110,1114,2428,2810,12,241,316,25,2812,517,800],"class_list":{"0":"post-621624","1":"post","2":"type-post","3":"status-publish","4":"format-standard","5":"has-post-thumbnail","7":"category-lyon","8":"tag-actu","9":"tag-actualites","10":"tag-article","11":"tag-asvel","12":"tag-auvergne-rhone-alpes","13":"tag-breves","14":"tag-culture","15":"tag-depeches","16":"tag-economique","17":"tag-eu","18":"tag-europe","19":"tag-faits-divers","20":"tag-fr","21":"tag-france","22":"tag-info","23":"tag-informations","24":"tag-infos","25":"tag-lyon","26":"tag-lyonmag","27":"tag-news","28":"tag-ol","29":"tag-politique","30":"tag-republique-francaise","31":"tag-sociale","32":"tag-sport","33":"tag-transports"},"share_on_mastodon":{"url":"https:\/\/pubeurope.com\/@fr\/115780473764438194","error":""},"_links":{"self":[{"href":"https:\/\/www.europesays.com\/fr\/wp-json\/wp\/v2\/posts\/621624","targetHints":{"allow":["GET"]}}],"collection":[{"href":"https:\/\/www.europesays.com\/fr\/wp-json\/wp\/v2\/posts"}],"about":[{"href":"https:\/\/www.europesays.com\/fr\/wp-json\/wp\/v2\/types\/post"}],"author":[{"embeddable":true,"href":"https:\/\/www.europesays.com\/fr\/wp-json\/wp\/v2\/users\/2"}],"replies":[{"embeddable":true,"href":"https:\/\/www.europesays.com\/fr\/wp-json\/wp\/v2\/comments?post=621624"}],"version-history":[{"count":0,"href":"https:\/\/www.europesays.com\/fr\/wp-json\/wp\/v2\/posts\/621624\/revisions"}],"wp:featuredmedia":[{"embeddable":true,"href":"https:\/\/www.europesays.com\/fr\/wp-json\/wp\/v2\/media\/621625"}],"wp:attachment":[{"href":"https:\/\/www.europesays.com\/fr\/wp-json\/wp\/v2\/media?parent=621624"}],"wp:term":[{"taxonomy":"category","embeddable":true,"href":"https:\/\/www.europesays.com\/fr\/wp-json\/wp\/v2\/categories?post=621624"},{"taxonomy":"post_tag","embeddable":true,"href":"https:\/\/www.europesays.com\/fr\/wp-json\/wp\/v2\/tags?post=621624"}],"curies":[{"name":"wp","href":"https:\/\/api.w.org\/{rel}","templated":true}]}}