{"id":621626,"date":"2025-12-25T13:36:18","date_gmt":"2025-12-25T13:36:18","guid":{"rendered":"https:\/\/www.europesays.com\/fr\/621626\/"},"modified":"2025-12-25T13:36:18","modified_gmt":"2025-12-25T13:36:18","slug":"castres-lyon-ce-week-end-je-jouerai-a-louverture-ou-a-laile-plus-a-laise-blagueur-comment-jack-goodhue-sest-ouvert-depuis-son-arrivee-au-co","status":"publish","type":"post","link":"https:\/\/www.europesays.com\/fr\/621626\/","title":{"rendered":"Castres-Lyon\u00a0: \u00ab\u00a0Ce week-end, je jouerai \u00e0 l\u2019ouverture ou \u00e0 l\u2019aile\u00a0!\u00a0\u00bb Plus \u00e0 l\u2019aise, blagueur, comment Jack Goodhue s\u2019est ouvert depuis son arriv\u00e9e au CO"},"content":{"rendered":"<p>\n                                                                    l&rsquo;essentiel<br \/>\n                                                                Alors qu\u2019il dispute sa troisi\u00e8me saison \u00e0 Castres, qui recevra ce samedi 27\u00a0d\u00e9cembre le Lou, Jack Goodhue prend plus d\u2019ampleur dans le groupe et se montre plus \u00e0 l\u2019aise dans ses interactions. Et tout cela se voit dans ses performances.\n                            <\/p>\n<p>Il y en a qui bluffent d\u2019entr\u00e9e, comme Will Collier qui, \u00e0 peine arriv\u00e9 au CO l\u2019\u00e9t\u00e9 dernier, tenait \u00e0 r\u00e9aliser les interviews en fran\u00e7ais, et se d\u00e9brouillait d\u00e9j\u00e0 tr\u00e8s bien. D\u2019autres en revanche, \u00e0 l\u2019instar de Jack Goodhue, ont besoin de plus de temps. M\u00eame si, d\u00e8s ses premiers pas dans le Tarn fin 2023, alors qu\u2019il soignait encore sa cheville, le N\u00e9o-Z\u00e9landais a s\u00e9duit tout le monde par sa bonhomie et son investissement. Le tout en creusant doucement son sillon, sur la pointe des pieds, \u00e0 observer, s\u2019impr\u00e9gner de son nouvel environnement, restant ainsi fid\u00e8le \u00e0 son caract\u00e8re. \u00ab\u00a0Jack est quelqu\u2019un d\u2019introverti\u00a0\u00bb, conc\u00e8de son manager Xavier Sadourny.<\/p>\n<p>        <img decoding=\"async\" class=\"std-img__img responsive-img\" src=\"https:\/\/www.europesays.com\/fr\/wp-content\/uploads\/2025\/12\/1766669778_36_image.jpg\" alt=\"Jack Goodhue, blagueur derri\u00e8re une personnalit\u00e9 discr\u00e8te.\"\/><\/p>\n<p>                Jack Goodhue, blagueur derri\u00e8re une personnalit\u00e9 discr\u00e8te.<br \/>\n                                    DDM &#8211; EMILIE CAYRE<\/p>\n<p>Pourtant, le Kiwi a \u00e9volu\u00e9. Grandi, encore, sans doute. S\u2019est ouvert, assur\u00e9ment. De la personne tr\u00e8s r\u00e9serv\u00e9e, se d\u00e9voile progressivement un caract\u00e8re blagueur. Invit\u00e9 \u00e0 se pr\u00e9senter par l\u2019une de nos confr\u00e8res lors de la conf\u00e9rence de presse d\u2019avant-match, le natif de Whangarei n\u2019a pu retenir la boutade\u00a0: \u00ab\u00a0Je suis Jack Goodhue, j\u2019ai plut\u00f4t l\u2019habitude de jouer centre mais peut-\u00eatre que pour ce week-end contre Lyon (ce samedi 27\u00a0d\u00e9cembre \u00e0 Pierre-Fabre, ndlr), je me placerai \u00e0 l\u2019ouverture ou \u00e0 l\u2019aile.\u00a0\u00bb<\/p>\n<p class=\"std-elt__inline\">\n        <strong>\u00c0 lire aussi :<\/strong><br \/>\n        <a href=\"https:\/\/www.ladepeche.fr\/2024\/01\/21\/entretien-jack-goodhue-vivre-lexperience-francaise-castres-sy-prete-parfaitement-le-all-black-recrue-star-du-co-se-livre-11710613.php\" target=\"_blank\" rel=\"noopener\">ENTRETIEN. Jack Goodhue : \u00ab\u00a0Vivre l&rsquo;exp\u00e9rience fran\u00e7aise, Castres s&rsquo;y pr\u00eate parfaitement !\u00a0\u00bb Le All Black, recrue star du CO, se livre<\/a>\n    <\/p>\n<p>Un aspect plaisantin jusqu\u2019ici dissimul\u00e9 au grand public, qu\u2019il prend plaisir aujourd\u2019hui \u00e0 exposer, comme \u00e0 l\u2019issue de la victoire face \u00e0 \u00c9dimbourg o\u00f9 il d\u00e9clarait que son comp\u00e8re au milieu du terrain Vilimoni Botitu \u00ab\u00a0le voyait comme un h\u00e9ros\u00a0\u00bb.<\/p>\n<p>Prises de parole devant le groupe<\/p>\n<p>Ce qui peut sembler anodin de prime abord en dit cependant beaucoup sur l\u2019ancien des Crusaders, qui n\u2019h\u00e9site plus \u00e0 parler fran\u00e7ais hors micro, histoire de consolider tout le travail qu\u2019il fournit avec plusieurs de ses co\u00e9quipiers lors des cours hebdomadaires dispens\u00e9s aux \u00e9trangers afin d\u2019apprendre la langue de Moli\u00e8re. \u00ab\u00a0Je me suis donn\u00e9 deux ans. Promis, l\u2019an prochain, on fait en fran\u00e7ais. Car j\u2019ai encore besoin de franchir une \u00e9tape suppl\u00e9mentaire\u00a0\u00bb, sourit Goodhue, \u00ab\u00a0joueur important de notre syst\u00e8me\u00a0\u00bb dixit son manager.<\/p>\n<p class=\"std-elt__inline\">\n        <strong>\u00c0 lire aussi :<\/strong><br \/>\n        <a href=\"https:\/\/www.ladepeche.fr\/2025\/12\/15\/castres-edimbourg-il-ma-dit-que-jetais-un-peu-son-heros-pourquoi-lassociation-goodhue-botitu-fonctionne-si-bien-au-co-13110725.php\" target=\"_blank\" rel=\"noopener\">Castres-\u00c9dimbourg\u00a0: \u00ab\u00a0Il m\u2019a dit que j\u2019\u00e9tais un peu son h\u00e9ros\u00a0!\u00a0\u00bb Pourquoi l\u2019association Goodhue-Botitu fonctionne si bien au CO<\/a>\n    <\/p>\n<p>Cette \u00e9tape, il l\u2019a d\u00e9j\u00e0 valid\u00e9e dans ses attitudes au sein du groupe. \u00ab\u00a0Il a port\u00e9 le maillot d\u2019une des plus grandes provinces du monde, a \u00e9t\u00e9 un All Black \u00e0 une \u00e9poque o\u00f9 cette \u00e9quipe marchait sur tout le monde, plante Sadourny. Son exp\u00e9rience parle, il est l\u00e9gitime et cr\u00e9dible aux yeux de tous. Mais l\u00e0, il prend de plus en plus la parole face au collectif. C\u2019est important pour nous.\u00a0\u00bb<\/p>\n<p class=\"std-elt__inline\">\n        <strong>\u00c0 lire aussi :<\/strong><br \/>\n        <a href=\"https:\/\/www.ladepeche.fr\/2025\/12\/21\/montpellier-castres-est-ce-quon-doit-la-pousser-ou-pas-pourquoi-la-fin-de-match-na-pas-tourne-a-lavantage-du-co-13123183.php\" target=\"_blank\" rel=\"noopener\">Montpellier-Castres\u00a0: \u00ab\u00a0Est-ce qu\u2019on doit la pousser ou pas\u2026\u00a0\u00bb Pourquoi la fin de match n\u2019a pas tourn\u00e9 \u00e0 l\u2019avantage du CO<\/a>\n    <\/p>\n<p>Aussi important que de voir la forme du centre se prolonger. Depuis le d\u00e9but de l\u2019exercice, le quintuple vainqueur du Super Rugby a rarement d\u00e9\u00e7u, et m\u00eame brill\u00e9, dans son style, contre \u00c9dimbourg. \u00ab\u00a0Je me sens vraiment mieux. Plus je passe du temps \u00e0 Castres, plus je reste en forme et suis pr\u00e9serv\u00e9 des blessures, et plus je peux continuer de m\u2019entra\u00eener. J\u2019ai l\u2019impression que mes performances en musculation et tout le reste s\u2019am\u00e9liorent. Et cela se transf\u00e8re sur le terrain\u00a0\u00bb, d\u00e9crypte le centre qui, en novembre\u00a02024, a prolong\u00e9 son aventure avec le CO jusqu\u2019en 2027.<\/p>\n<p class=\"std-elt__inline\">\n        <strong>\u00c0 lire aussi :<\/strong><br \/>\n        <a href=\"https:\/\/www.ladepeche.fr\/2025\/04\/13\/on-aime-discuter-sortir-le-chien-voyager-de-kawakawa-a-castres-la-vie-revee-du-joueur-du-co-jack-goodhue-12634612.php\" target=\"_blank\" rel=\"noopener\">\u00ab\u00a0On aime discuter, sortir le chien, voyager\u2026\u00a0\u00bb\u00a0: De Kawakawa \u00e0 Castres, la vie r\u00eav\u00e9e du joueur du CO Jack Goodhue<\/a>\n    <\/p>\n<p>Samedi, il s\u2019exprimera, outre devant sa compagne qui vit avec lui dans la sous-pr\u00e9fecture du Tarn, devant son beau-p\u00e8re, venu passer les f\u00eates en France. Le reste de sa famille \u00ab\u00a0profitant de l\u2019\u00e9t\u00e9 en Nouvelle-Z\u00e9lande\u00a0\u00bb. \u00ab\u00a0Quand mon beau-p\u00e8re est arriv\u00e9 ici il y a deux jours, il m\u2019a demand\u00e9 de monter la temp\u00e9rature du chauffage dans la maison. Je lui ai dit non, le gaz est plus cher en France\u00a0!\u00a0\u00bb Un farceur ce Goodhue.<\/p>\n","protected":false},"excerpt":{"rendered":"l&rsquo;essentiel Alors qu\u2019il dispute sa troisi\u00e8me saison \u00e0 Castres, qui recevra ce samedi 27\u00a0d\u00e9cembre le Lou, Jack Goodhue&hellip;\n","protected":false},"author":2,"featured_media":621627,"comment_status":"","ping_status":"","sticky":false,"template":"","format":"standard","meta":{"footnotes":""},"categories":[1889],"tags":[1111,11,2430,8173,1777,674,1011,27,2428,12,25,68796,517,8412,478],"class_list":{"0":"post-621626","1":"post","2":"type-post","3":"status-publish","4":"format-standard","5":"has-post-thumbnail","7":"category-lyon","8":"tag-actu","9":"tag-actualites","10":"tag-auvergne-rhone-alpes","11":"tag-castres","12":"tag-eu","13":"tag-europe","14":"tag-fr","15":"tag-france","16":"tag-lyon","17":"tag-news","18":"tag-republique-francaise","19":"tag-rugby-u00e0-xv","20":"tag-sport","21":"tag-tarn","22":"tag-top-14"},"share_on_mastodon":{"url":"https:\/\/pubeurope.com\/@fr\/115780478142101175","error":""},"_links":{"self":[{"href":"https:\/\/www.europesays.com\/fr\/wp-json\/wp\/v2\/posts\/621626","targetHints":{"allow":["GET"]}}],"collection":[{"href":"https:\/\/www.europesays.com\/fr\/wp-json\/wp\/v2\/posts"}],"about":[{"href":"https:\/\/www.europesays.com\/fr\/wp-json\/wp\/v2\/types\/post"}],"author":[{"embeddable":true,"href":"https:\/\/www.europesays.com\/fr\/wp-json\/wp\/v2\/users\/2"}],"replies":[{"embeddable":true,"href":"https:\/\/www.europesays.com\/fr\/wp-json\/wp\/v2\/comments?post=621626"}],"version-history":[{"count":0,"href":"https:\/\/www.europesays.com\/fr\/wp-json\/wp\/v2\/posts\/621626\/revisions"}],"wp:featuredmedia":[{"embeddable":true,"href":"https:\/\/www.europesays.com\/fr\/wp-json\/wp\/v2\/media\/621627"}],"wp:attachment":[{"href":"https:\/\/www.europesays.com\/fr\/wp-json\/wp\/v2\/media?parent=621626"}],"wp:term":[{"taxonomy":"category","embeddable":true,"href":"https:\/\/www.europesays.com\/fr\/wp-json\/wp\/v2\/categories?post=621626"},{"taxonomy":"post_tag","embeddable":true,"href":"https:\/\/www.europesays.com\/fr\/wp-json\/wp\/v2\/tags?post=621626"}],"curies":[{"name":"wp","href":"https:\/\/api.w.org\/{rel}","templated":true}]}}