{"id":621632,"date":"2025-12-25T13:40:18","date_gmt":"2025-12-25T13:40:18","guid":{"rendered":"https:\/\/www.europesays.com\/fr\/621632\/"},"modified":"2025-12-25T13:40:18","modified_gmt":"2025-12-25T13:40:18","slug":"top-14-ca-exige-de-la-discipline-ainsi-quun-arbitre-solide-pour-ne-pas-se-laisser-influencer-paris-a-lassaut-de-la-forteresse-de-bayonne","status":"publish","type":"post","link":"https:\/\/www.europesays.com\/fr\/621632\/","title":{"rendered":"Top 14 \u2013 \u00ab\u00a0\u00c7a exige de la discipline, ainsi qu\u2019un arbitre solide pour ne pas se laisser influencer\u00a0\u00bb\u00a0: Paris \u00e0 l\u2019assaut de la forteresse de Bayonne"},"content":{"rendered":"<p>\n                Apr\u00e8s son faux pas dans le derby francilien (20-20), le Stade fran\u00e7ais s\u2019est remobilis\u00e9 et esp\u00e8re frapper fort ce week-end, \u00e0 Jean-Dauger.\n            <\/p>\n<p>Vex\u00e9s, piqu\u00e9s dans leur orgueil, les hommes de la Porte de Saint-Cloud n\u2019ont pourtant pas l\u2019intention de s\u2019enliser dans le doute. Direction Bayonne, et son stade Jean Dauger, imprenable en championnat depuis plus d\u2019un an. L\u00e0-bas, face \u00e0 un Aviron bayonnais en manque de points et au bord d\u2019une crise majeure, Paris veut frapper fort, comme on abat son poing sur la table. \u00ab\u00a0C\u2019est un endroit formidable pour jouer au rugby, poursuit Gustard. Le public est passionn\u00e9 et l\u2019atmosph\u00e8re peut y \u00eatre \u00e9lectrique. Cela exige de notre part beaucoup de discipline, ainsi qu\u2019un arbitre solide pour ne pas se laisser influencer par les tribunes. [\u2026] Le bilan des Bayonnais \u00e0 domicile est certes impressionnant mais la rencontre se jouera pendant les quatre-vingts minutes samedi, pas sur les vingt matchs \u00e0 domicile disput\u00e9s auparavant.\u00a0\u00bb<\/p>\n<p>Kerr-Barlow de retour\u00a0?<\/p>\n<p>Pour esp\u00e9rer faire tomber la forteresse basque, n\u00e9anmoins mise \u00e0 mal par les Stormers en Champions Cup (17-26), le Stade fran\u00e7ais s\u2019appuiera ce week-end sur le probable retour \u00e0 la comp\u00e9tition de Tawera Kerr-Barlow, qui a tant manqu\u00e9 aux Soldats roses samedi dernier, lors du derby francilien. Non pas que Paul Abadie et Thibaut Motassi, les doublures du All Black, aient \u00e9t\u00e9 vraiment mauvais mais, trop courts dans leur jeu au pied et parfois erratiques dans l\u2019animation, ils ont fait am\u00e8rement regretter l\u2019absence du demi de m\u00eal\u00e9e n\u00e9o-z\u00e9landais dans ce match hautement strat\u00e9gique.<\/p>\n<p>Mais sur les bords de l\u2019Adour, Paris s\u2019en remettra surtout \u00e0 son casseur de briques, le prometteur Noah Nene. \u00c0 21 ans, le trois-quarts centre parisien (1,92\u00a0m, 110\u00a0kg) n\u2019est plus juste une promesse mais une r\u00e9alit\u00e9 musculeuse. Sous contrat dans la capitale jusqu\u2019en 2027, il a d\u00e9j\u00e0 \u00e9t\u00e9 titularis\u00e9 \u00e0 neuf reprises cette saison, preuve de la confiance accord\u00e9e par l\u2019encadrement parisien. Costaud, adroit, dot\u00e9 d\u2019un long pied gauche, il sait pourtant que le chemin est encore long et sa derni\u00e8re sortie sous le maillot parisien, \u00e0 des ann\u00e9es-lumi\u00e8re de ses standards habituels, en est la preuve. Va-t-il r\u00e9agir \u00e0 Bayonne\u00a0?<\/p>\n","protected":false},"excerpt":{"rendered":"Apr\u00e8s son faux pas dans le derby francilien (20-20), le Stade fran\u00e7ais s\u2019est remobilis\u00e9 et esp\u00e8re frapper fort&hellip;\n","protected":false},"author":2,"featured_media":621633,"comment_status":"","ping_status":"","sticky":false,"template":"","format":"standard","meta":{"footnotes":""},"categories":[1888],"tags":[1111,1928,11,1927,1777,674,1011,27,12,1926,626,1925,25,68796,478],"class_list":{"0":"post-621632","1":"post","2":"type-post","3":"status-publish","4":"format-standard","5":"has-post-thumbnail","7":"category-paris","8":"tag-actu","9":"tag-actu-paris","10":"tag-actualites","11":"tag-actualites-paris","12":"tag-eu","13":"tag-europe","14":"tag-fr","15":"tag-france","16":"tag-news","17":"tag-news-paris","18":"tag-paris","19":"tag-paris-news","20":"tag-republique-francaise","21":"tag-rugby-u00e0-xv","22":"tag-top-14"},"share_on_mastodon":{"url":"https:\/\/pubeurope.com\/@fr\/115780493227966299","error":""},"_links":{"self":[{"href":"https:\/\/www.europesays.com\/fr\/wp-json\/wp\/v2\/posts\/621632","targetHints":{"allow":["GET"]}}],"collection":[{"href":"https:\/\/www.europesays.com\/fr\/wp-json\/wp\/v2\/posts"}],"about":[{"href":"https:\/\/www.europesays.com\/fr\/wp-json\/wp\/v2\/types\/post"}],"author":[{"embeddable":true,"href":"https:\/\/www.europesays.com\/fr\/wp-json\/wp\/v2\/users\/2"}],"replies":[{"embeddable":true,"href":"https:\/\/www.europesays.com\/fr\/wp-json\/wp\/v2\/comments?post=621632"}],"version-history":[{"count":0,"href":"https:\/\/www.europesays.com\/fr\/wp-json\/wp\/v2\/posts\/621632\/revisions"}],"wp:featuredmedia":[{"embeddable":true,"href":"https:\/\/www.europesays.com\/fr\/wp-json\/wp\/v2\/media\/621633"}],"wp:attachment":[{"href":"https:\/\/www.europesays.com\/fr\/wp-json\/wp\/v2\/media?parent=621632"}],"wp:term":[{"taxonomy":"category","embeddable":true,"href":"https:\/\/www.europesays.com\/fr\/wp-json\/wp\/v2\/categories?post=621632"},{"taxonomy":"post_tag","embeddable":true,"href":"https:\/\/www.europesays.com\/fr\/wp-json\/wp\/v2\/tags?post=621632"}],"curies":[{"name":"wp","href":"https:\/\/api.w.org\/{rel}","templated":true}]}}