{"id":621634,"date":"2025-12-25T13:41:12","date_gmt":"2025-12-25T13:41:12","guid":{"rendered":"https:\/\/www.europesays.com\/fr\/621634\/"},"modified":"2025-12-25T13:41:12","modified_gmt":"2025-12-25T13:41:12","slug":"meudon-ils-escaladent-trois-etages-pour-cambrioler-un-appartement-et-se-font-arreter-avec-leur-butin","status":"publish","type":"post","link":"https:\/\/www.europesays.com\/fr\/621634\/","title":{"rendered":"Meudon : ils escaladent trois \u00e9tages pour cambrioler un appartement et se font arr\u00eater avec leur butin"},"content":{"rendered":"<p class=\"paragraph text_align_left lp-f-body-02\">Pour eux c\u2019\u00e9tait plus No\u00ebl en prison que No\u00ebl aux tisons\u2026 Mercredi soir, trois malfaiteurs ont \u00e9t\u00e9 appr\u00e9hend\u00e9s \u00e0 Meudon (Hauts-de-Seine). Ils sont suspect\u00e9s d\u2019avoir cambriol\u00e9 un appartement apr\u00e8s avoir <a href=\"https:\/\/www.leparisien.fr\/hauts-de-seine-92\/courbevoie-ils-escaladent-la-facade-pour-un-cambriolage-estime-a-250-000-euros-25-08-2025-OUPOVJTQE5D4HNGMUNFZN6VGPQ.php\" target=\"_self\" rel=\"noopener\">escalad\u00e9 <\/a>trois \u00e9tages. Un quatri\u00e8me individu, qui faisait le guet, est en fuite.<\/p>\n<p class=\"\">Il s\u2019en est fallu de peu pour que le trio s\u2019en sorte. Alors que les rues sont vides et que la population a la t\u00eate au r\u00e9veillon de cette veille de No\u00ebl, peu avant 20h30, quatre silhouettes se sont gliss\u00e9es rue du Hameau, une art\u00e8re tranquille non loin de la N 118 et de la for\u00eat de Meudon.<\/p>\n<p class=\"\">Selon les premiers \u00e9l\u00e9ments de l\u2019enqu\u00eate, le sc\u00e9nario \u00e9tait bien rod\u00e9. Tandis qu\u2019un larron fait le guet, les trois autres s\u2019attaquent \u00e0 la fa\u00e7ade du petit immeuble. Une dizaine de m\u00e8tres plus haut, ils touchent au but. Au moins provisoirement.<\/p>\n<p class=\"\">Une fois parvenue au balcon du troisi\u00e8me \u00e9tage, l\u2019\u00e9quipe force la fen\u00eatre et p\u00e9n\u00e8tre dans l\u2019appartement, vide de tout occupant. \u00ab Ils ont ensuite fouill\u00e9 l\u2019ensemble du logement \u00bb, confirme une source proche de l\u2019affaire.<\/p>\n<p>Bless\u00e9 en franchissant une grille<\/p>\n<p class=\"\">Probl\u00e8me, leur man\u00e8ge n\u2019est pas pass\u00e9 inaper\u00e7u. En quittant les lieux, le trio tombe sur des policiers du commissariat de Meudon qui les interpellent aussit\u00f4t. Ceux-ci mettent alors la main sur un sac contenant des bijoux. Leur acolyte qui faisait le guet a quant \u00e0 lui r\u00e9ussir \u00e0 prendre la fuite \u00e0 pied.<\/p>\n<p class=\"\">Comble de malchance, en franchissant une grille, un des monte-en-l\u2019air s\u2019est bless\u00e9 \u00e0 une main. Avant d\u2019\u00eatre plac\u00e9 en garde \u00e0 vue, il a \u00e9t\u00e9 pris en charge par les pompiers qui l\u2019ont emmen\u00e9 \u00e0 l\u2019h\u00f4pital B\u00e9cl\u00e8re, sur Clamart, le tout sous escorte polici\u00e8re. Au cours de l\u2019arrestation, un de suspect a r\u00e9sist\u00e9 et a bless\u00e9 un policier au doigt. Ce dernier a d\u00e9pos\u00e9 plainte.<\/p>\n<p class=\"\">Enfin, le v\u00e9hicule de la bande a \u00e9t\u00e9 retrouv\u00e9 non loin des lieux du casse et a \u00e9t\u00e9 transf\u00e9r\u00e9 \u00e0 la fourri\u00e8re.<\/p>\n","protected":false},"excerpt":{"rendered":"Pour eux c\u2019\u00e9tait plus No\u00ebl en prison que No\u00ebl aux tisons\u2026 Mercredi soir, trois malfaiteurs ont \u00e9t\u00e9 appr\u00e9hend\u00e9s&hellip;\n","protected":false},"author":2,"featured_media":356859,"comment_status":"","ping_status":"","sticky":false,"template":"","format":"standard","meta":{"footnotes":""},"categories":[1888],"tags":[11,1777,674,1011,27,3314,1944,12,626,25],"class_list":{"0":"post-621634","1":"post","2":"type-post","3":"status-publish","4":"format-standard","5":"has-post-thumbnail","7":"category-paris","8":"tag-actualites","9":"tag-eu","10":"tag-europe","11":"tag-fr","12":"tag-france","13":"tag-hauts-de-seine","14":"tag-ma-ville","15":"tag-news","16":"tag-paris","17":"tag-republique-francaise"},"share_on_mastodon":{"url":"https:\/\/pubeurope.com\/@fr\/115780497230168347","error":""},"_links":{"self":[{"href":"https:\/\/www.europesays.com\/fr\/wp-json\/wp\/v2\/posts\/621634","targetHints":{"allow":["GET"]}}],"collection":[{"href":"https:\/\/www.europesays.com\/fr\/wp-json\/wp\/v2\/posts"}],"about":[{"href":"https:\/\/www.europesays.com\/fr\/wp-json\/wp\/v2\/types\/post"}],"author":[{"embeddable":true,"href":"https:\/\/www.europesays.com\/fr\/wp-json\/wp\/v2\/users\/2"}],"replies":[{"embeddable":true,"href":"https:\/\/www.europesays.com\/fr\/wp-json\/wp\/v2\/comments?post=621634"}],"version-history":[{"count":0,"href":"https:\/\/www.europesays.com\/fr\/wp-json\/wp\/v2\/posts\/621634\/revisions"}],"wp:featuredmedia":[{"embeddable":true,"href":"https:\/\/www.europesays.com\/fr\/wp-json\/wp\/v2\/media\/356859"}],"wp:attachment":[{"href":"https:\/\/www.europesays.com\/fr\/wp-json\/wp\/v2\/media?parent=621634"}],"wp:term":[{"taxonomy":"category","embeddable":true,"href":"https:\/\/www.europesays.com\/fr\/wp-json\/wp\/v2\/categories?post=621634"},{"taxonomy":"post_tag","embeddable":true,"href":"https:\/\/www.europesays.com\/fr\/wp-json\/wp\/v2\/tags?post=621634"}],"curies":[{"name":"wp","href":"https:\/\/api.w.org\/{rel}","templated":true}]}}