{"id":621636,"date":"2025-12-25T13:43:15","date_gmt":"2025-12-25T13:43:15","guid":{"rendered":"https:\/\/www.europesays.com\/fr\/621636\/"},"modified":"2025-12-25T13:43:15","modified_gmt":"2025-12-25T13:43:15","slug":"la-famille-du-chercheur-francais-emprisonne-en-russie-espere-une-liberation-pendant-les-fetes-de-fin-dannee","status":"publish","type":"post","link":"https:\/\/www.europesays.com\/fr\/621636\/","title":{"rendered":"La famille du chercheur fran\u00e7ais emprisonn\u00e9 en Russie esp\u00e8re une lib\u00e9ration \u00ab\u00a0pendant les f\u00eates\u00a0\u00bb de fin d&rsquo;ann\u00e9e"},"content":{"rendered":"<p>La famille du chercheur fran\u00e7ais Laurent Vinatier emprisonn\u00e9 en Russie \u00ab\u00a0esp\u00e8re qu&rsquo;il puisse \u00eatre lib\u00e9r\u00e9 pendant les f\u00eates\u00a0\u00bb de fin d&rsquo;ann\u00e9e d&rsquo;ici au No\u00ebl orthodoxe le 7 janvier, a d\u00e9clar\u00e9 jeudi son avocat, Me Fr\u00e9d\u00e9ric Belot, \u00e0 l&rsquo;AFP.<\/p>\n<p>\u00ab\u00a0Nous avons toute confiance dans la diplomatie fran\u00e7aise qui fait son maximum\u00a0\u00bb, a poursuivi Me Belot, esp\u00e9rant que le sort de Laurent Vinatier soit \u00e9voqu\u00e9 \u00e0 l&rsquo;occasion d&rsquo;un \u00e9change entre les pr\u00e9sidents russe Vladimir Poutine et fran\u00e7ais Emmanuel Macron.<\/p>\n","protected":false},"excerpt":{"rendered":"La famille du chercheur fran\u00e7ais Laurent Vinatier emprisonn\u00e9 en Russie \u00ab\u00a0esp\u00e8re qu&rsquo;il puisse \u00eatre lib\u00e9r\u00e9 pendant les f\u00eates\u00a0\u00bb&hellip;\n","protected":false},"author":2,"featured_media":621637,"comment_status":"","ping_status":"","sticky":false,"template":"","format":"standard","meta":{"footnotes":""},"categories":[1591],"tags":[17,11,14894,73123,67573,652,1887,3844,329,12,1885,1886,132,96],"class_list":{"0":"post-621636","1":"post","2":"type-post","3":"status-publish","4":"format-standard","5":"has-post-thumbnail","7":"category-russie","8":"tag-17","9":"tag-actualites","10":"tag-chercheur","11":"tag-emprisonne","12":"tag-espere","13":"tag-famille","14":"tag-federation-de-russie","15":"tag-francais","16":"tag-france-monde","17":"tag-news","18":"tag-russia","19":"tag-russian-federation","20":"tag-russie","21":"tag-une"},"share_on_mastodon":{"url":"https:\/\/pubeurope.com\/@fr\/115780505154728935","error":""},"_links":{"self":[{"href":"https:\/\/www.europesays.com\/fr\/wp-json\/wp\/v2\/posts\/621636","targetHints":{"allow":["GET"]}}],"collection":[{"href":"https:\/\/www.europesays.com\/fr\/wp-json\/wp\/v2\/posts"}],"about":[{"href":"https:\/\/www.europesays.com\/fr\/wp-json\/wp\/v2\/types\/post"}],"author":[{"embeddable":true,"href":"https:\/\/www.europesays.com\/fr\/wp-json\/wp\/v2\/users\/2"}],"replies":[{"embeddable":true,"href":"https:\/\/www.europesays.com\/fr\/wp-json\/wp\/v2\/comments?post=621636"}],"version-history":[{"count":0,"href":"https:\/\/www.europesays.com\/fr\/wp-json\/wp\/v2\/posts\/621636\/revisions"}],"wp:featuredmedia":[{"embeddable":true,"href":"https:\/\/www.europesays.com\/fr\/wp-json\/wp\/v2\/media\/621637"}],"wp:attachment":[{"href":"https:\/\/www.europesays.com\/fr\/wp-json\/wp\/v2\/media?parent=621636"}],"wp:term":[{"taxonomy":"category","embeddable":true,"href":"https:\/\/www.europesays.com\/fr\/wp-json\/wp\/v2\/categories?post=621636"},{"taxonomy":"post_tag","embeddable":true,"href":"https:\/\/www.europesays.com\/fr\/wp-json\/wp\/v2\/tags?post=621636"}],"curies":[{"name":"wp","href":"https:\/\/api.w.org\/{rel}","templated":true}]}}