{"id":621655,"date":"2025-12-25T13:56:13","date_gmt":"2025-12-25T13:56:13","guid":{"rendered":"https:\/\/www.europesays.com\/fr\/621655\/"},"modified":"2025-12-25T13:56:13","modified_gmt":"2025-12-25T13:56:13","slug":"france-russie-un-espoir-pour-laurent-vinatier","status":"publish","type":"post","link":"https:\/\/www.europesays.com\/fr\/621655\/","title":{"rendered":"France \u2013 Russie : un espoir pour Laurent Vinatier"},"content":{"rendered":"<p>\n  Par&amp;nbsp<b>Euronews<\/b>&amp;nbspavec&amp;nbsp<b>AP<\/b>\n<\/p>\n<p>\n         Publi\u00e9 le<br \/>\n            25\/12\/2025 &#8211; 14:46 UTC+1\n            <\/p>\n<p>\u00ab La balle est dans le camp de la France \u00bb a l\u00e2ch\u00e9 Dmitri Peskov, le porte-parole de Vladimir Poutine, \u00e0 l\u2019occasion d\u2019une rencontre avec la presse ce jeudi. <\/p>\n<p>Dmitri Peskov assure que \u00ab des contacts \u00bb ont lieu entre Paris et Moscou et qu\u2019 \u00ab une proposition a \u00e9t\u00e9 faite aux Fran\u00e7ais concernant Vinatier \u00bb. <\/p>\n<p>Un tribunal russe a condamn\u00e9 en octobre 2024 Laurent Vinatier \u00e0 trois ans d\u2019emprisonnement pour ne pas s\u2019\u00eatre enregistr\u00e9 en tant qu\u2019 \u00ab agent de l\u2019\u00e9tranger \u00bb. <\/p>\n<p>Laurent Vinatier, 49 ans, travaillait pour le Centre pour le dialogue humanitaire, une ONG suisse dont l\u2019activit\u00e9 est la m\u00e9diation dans les conflits et notamment entre la Russie et l\u2019Ukraine. <\/p>\n<p>Laurent Vinatier avait reconnu les faits et expliqu\u00e9 ne pas avoir \u00e9t\u00e9 au courant de l\u2019obligation dont il faisait l\u2019objet. <\/p>\n<p>Le chercheur est par ailleurs, depuis ao\u00fbt dernier, accus\u00e9 d\u2019espionnage et un proc\u00e8s est attendu en f\u00e9vrier prochain. <\/p>\n<p>La r\u00e9v\u00e9lation des \u00e9changes sur le dossier entre Paris et Moscou alimente l\u2019espoir d\u2019un retour du chercheur en France.<\/p>\n<p>Interrog\u00e9 par l\u2019AFP, Me Fr\u00e9d\u00e9ric Belo, l\u2019avocat fran\u00e7ais du chercheur, r\u00e9v\u00e8le que sa famille \u00ab esp\u00e8re qu\u2019il puisse \u00eatre lib\u00e9r\u00e9 pendant les f\u00eates \u00bb de fin d\u2019ann\u00e9e d\u2019ici au No\u00ebl orthodoxe le 7 janvier. <\/p>\n<p>La proposition russe \u00e9voqu\u00e9e par Dmitri Peskov intervient au moment o\u00f9 Emmanuel Macron et Vladimir Poutine \u00e9voquent une possible reprise de contacts. <\/p>\n<p>Une relance de dialogue marquerait un tournant. Ces derni\u00e8res ann\u00e9es, les relations entre Paris et Moscou sont glaciales. La France accuse la Russie de tentatives de d\u00e9stabilisation. Fin novembre, trois personnes ont \u00e9t\u00e9 mises en examen \u00e0 Paris dans une affaire d\u2019ing\u00e9rence et d\u2019espionnage \u00e9conomique au profit de Moscou. <\/p>\n","protected":false},"excerpt":{"rendered":"Par&amp;nbspEuronews&amp;nbspavec&amp;nbspAP Publi\u00e9 le 25\/12\/2025 &#8211; 14:46 UTC+1 \u00ab La balle est dans le camp de la France \u00bb&hellip;\n","protected":false},"author":2,"featured_media":621656,"comment_status":"","ping_status":"","sticky":false,"template":"","format":"standard","meta":{"footnotes":""},"categories":[4],"tags":[11,1073,4777,1011,27,12,25,135],"class_list":{"0":"post-621655","1":"post","2":"type-post","3":"status-publish","4":"format-standard","5":"has-post-thumbnail","7":"category-france","8":"tag-actualites","9":"tag-emmanuel-macron","10":"tag-espionnage","11":"tag-fr","12":"tag-france","13":"tag-news","14":"tag-republique-francaise","15":"tag-vladimir-poutine"},"share_on_mastodon":{"url":"https:\/\/pubeurope.com\/@fr\/115780556123174136","error":""},"_links":{"self":[{"href":"https:\/\/www.europesays.com\/fr\/wp-json\/wp\/v2\/posts\/621655","targetHints":{"allow":["GET"]}}],"collection":[{"href":"https:\/\/www.europesays.com\/fr\/wp-json\/wp\/v2\/posts"}],"about":[{"href":"https:\/\/www.europesays.com\/fr\/wp-json\/wp\/v2\/types\/post"}],"author":[{"embeddable":true,"href":"https:\/\/www.europesays.com\/fr\/wp-json\/wp\/v2\/users\/2"}],"replies":[{"embeddable":true,"href":"https:\/\/www.europesays.com\/fr\/wp-json\/wp\/v2\/comments?post=621655"}],"version-history":[{"count":0,"href":"https:\/\/www.europesays.com\/fr\/wp-json\/wp\/v2\/posts\/621655\/revisions"}],"wp:featuredmedia":[{"embeddable":true,"href":"https:\/\/www.europesays.com\/fr\/wp-json\/wp\/v2\/media\/621656"}],"wp:attachment":[{"href":"https:\/\/www.europesays.com\/fr\/wp-json\/wp\/v2\/media?parent=621655"}],"wp:term":[{"taxonomy":"category","embeddable":true,"href":"https:\/\/www.europesays.com\/fr\/wp-json\/wp\/v2\/categories?post=621655"},{"taxonomy":"post_tag","embeddable":true,"href":"https:\/\/www.europesays.com\/fr\/wp-json\/wp\/v2\/tags?post=621655"}],"curies":[{"name":"wp","href":"https:\/\/api.w.org\/{rel}","templated":true}]}}