{"id":621664,"date":"2025-12-25T14:07:13","date_gmt":"2025-12-25T14:07:13","guid":{"rendered":"https:\/\/www.europesays.com\/fr\/621664\/"},"modified":"2025-12-25T14:07:13","modified_gmt":"2025-12-25T14:07:13","slug":"notre-petit-bebe-marlene-schiappa-tres-emue-elle-partage-le-premier-noel-de-son-fils","status":"publish","type":"post","link":"https:\/\/www.europesays.com\/fr\/621664\/","title":{"rendered":"\u00ab\u00a0Notre petit b\u00e9b\u00e9&#8230;\u00a0\u00bb : Marl\u00e8ne Schiappa tr\u00e8s \u00e9mue, elle partage le premier No\u00ebl de son fils"},"content":{"rendered":"<p>Cette ann\u00e9e, les f\u00eates de fin d\u2019ann\u00e9e ont pris une dimension<br \/>\ntoute particuli\u00e8re pour <strong>Marl\u00e8ne Schiappa<\/strong>. Pour la<br \/>\npremi\u00e8re fois, elle a c\u00e9l\u00e9br\u00e9 No\u00ebl entour\u00e9e non plus de deux, mais<br \/>\nde trois enfants. Le 28 octobre dernier, soit quelques semaines<br \/>\navant les f\u00eates, l\u2019ancienne secr\u00e9taire d\u2019\u00c9tat a en effet accueilli<br \/>\nson troisi\u00e8me b\u00e9b\u00e9, une naissance v\u00e9cue comme inesp\u00e9r\u00e9e apr\u00e8s un<br \/>\nparcours marqu\u00e9 par plusieurs fausses couches et des soucis de<br \/>\nsant\u00e9 en d\u00e9but de grossesse.<\/p>\n<p>Un v\u00e9ritable \u00ab\u00a0<strong>b\u00e9b\u00e9 miracle<\/strong>\u00ab\u00a0. Aux c\u00f4t\u00e9s<br \/>\nde son \u00e9poux, <a href=\"https:\/\/www.closermag.fr\/politique\/marlene-schiappa-enceinte-a-42-ans-le-futur-papa-matthias-savignac-se-confie-pas-toujours-simple-de-3545409\" target=\"_blank\" rel=\"noopener\"><br \/>\nMatthias Savignac<\/a>, qu\u2019elle a \u00e9pous\u00e9 en Sicile cet \u00e9t\u00e9, Marl\u00e8ne<br \/>\nSchiappa a ainsi savour\u00e9 plus intens\u00e9ment que jamais l\u2019atmosph\u00e8re<br \/>\nunique et \u00e9mouvante de No\u00ebl.<\/p>\n<p>Un premier No\u00ebl charg\u00e9 d\u2019\u00e9motion<br \/>\npour Marl\u00e8ne Schiappa<\/p>\n<p data-start=\"60\" data-end=\"854\">Ce mercredi 24 d\u00e9cembre, Marl\u00e8ne<br \/>\nSchiappa a partag\u00e9 un moment tr\u00e8s intime avec sa communaut\u00e9 sur<br \/>\nInstagram. Redevenue maman \u00e0 42 ans, l\u2019ancienne secr\u00e9taire d\u2019\u00c9tat a<br \/>\nc\u00e9l\u00e9br\u00e9 un No\u00ebl pas comme les autres, port\u00e9e par une \u00e9motion<br \/>\npalpable. \u00ab\u00a0<strong>Cette ann\u00e9e, mon plus beau cadeau est de<br \/>\nregarder notre petit b\u00e9b\u00e9 vivre son tout premier<br \/>\nNo\u00ebl<\/strong>\u00ab\u00a0, a-t-elle \u00e9crit, visiblement boulevers\u00e9e.<\/p>\n<p data-start=\"60\" data-end=\"854\">Celle qui s\u2019\u00e9tait fait conna\u00eetre<br \/>\navec un blog engag\u00e9 en faveur des m\u00e8res actives a aussi tenu \u00e0<br \/>\nadresser un message \u00e0 celles et ceux pour qui les f\u00eates riment avec<br \/>\nattente et espoir. \u00ab\u00a0Cette ann\u00e9e, je souhaite un joyeux No\u00ebl en<br \/>\nparticulier \u00e0 toutes les femmes et tous les couples qui regardent<br \/>\nles \u00e9toiles le soir du r\u00e9veillon <strong>en esp\u00e9rant avoir bient\u00f4t<br \/>\nun b\u00e9b\u00e9<\/strong>\u00ab\u00a0, a-t-elle ajout\u00e9, consciente de la port\u00e9e de<br \/>\nses mots.<\/p>\n<p>Un b\u00e9b\u00e9<br \/>\nmiracle et un cadeau profond\u00e9ment symbolique<\/p>\n<p data-start=\"918\" data-end=\"1967\" data-is-last-node=\"\" data-is-only-node=\"\">Ce message r\u00e9sonne d\u2019autant plus fort que<br \/>\nMarl\u00e8ne Schiappa conna\u00eet intimement ce parcours sem\u00e9 de doutes. En<br \/>\nmai dernier, dans les colonnes de Gala, l\u2019\u00e9crivaine confiait avoir longtemps cru <a href=\"https:\/\/www.closermag.fr\/people\/a-notre-age-cest-la-perimenopause-le-constat-froid-de-la-soeur-de-marlene-schiappa-juste-avant-quelle-apprenne-sa-grossesse-3563089\" target=\"_blank\" rel=\"noopener\"><br \/>\nce projet de maternit\u00e9 hors de port\u00e9e<\/a>. \u00ab\u00a0<strong>Je n\u2019avais<br \/>\nque 5 % de chance de tomber enceinte naturellement<\/strong> en<br \/>\nraison de mon \u00e2ge. On n\u2019y croyait plus, c\u2019est un b\u00e9b\u00e9 miracle<br \/>\n!\u00a0\u00bb, r\u00e9v\u00e9lait-elle. Une exp\u00e9rience qui donne encore plus de<br \/>\nsens \u00e0 ce premier No\u00ebl avec son fils et \u00e0 ses mots d\u2019encouragement<br \/>\n: \u00ab\u00a0Alors, \u00e0 vous qui \u00eates dans cette situation : gardez<br \/>\nespoir\u00a0\u00bb.<\/p>\n<p data-start=\"918\" data-end=\"1967\" data-is-last-node=\"\" data-is-only-node=\"\">Comme un \u00e9cho \u00e0 cette p\u00e9riode si particuli\u00e8re,<br \/>\nelle a aussi d\u00e9voil\u00e9 un pr\u00e9sent re\u00e7u de sa m\u00e8re, Catherine Marchi :<br \/>\nune <strong>illustration<\/strong> sign\u00e9e Mathilde Potel retra\u00e7ant<br \/>\nson <strong>histoire d\u2019amour avec son mari<\/strong>, Matthias<br \/>\nSavignac, de leur rencontre \u00e0 New York en d\u00e9cembre 2022 jusqu\u2019\u00e0 la<br \/>\nnaissance de leur enfant.<\/p>\n","protected":false},"excerpt":{"rendered":"Cette ann\u00e9e, les f\u00eates de fin d\u2019ann\u00e9e ont pris une dimension toute particuli\u00e8re pour Marl\u00e8ne Schiappa. Pour la&hellip;\n","protected":false},"author":2,"featured_media":621665,"comment_status":"","ping_status":"","sticky":false,"template":"","format":"standard","meta":{"footnotes":""},"categories":[1359],"tags":[21303,58,59,1011,27,973,65861],"class_list":{"0":"post-621664","1":"post","2":"type-post","3":"status-publish","4":"format-standard","5":"has-post-thumbnail","7":"category-people","8":"tag-buzz_nonli","9":"tag-divertissement","10":"tag-entertainment","11":"tag-fr","12":"tag-france","13":"tag-people","14":"tag-trend"},"share_on_mastodon":{"url":"https:\/\/pubeurope.com\/@fr\/115780599478537771","error":""},"_links":{"self":[{"href":"https:\/\/www.europesays.com\/fr\/wp-json\/wp\/v2\/posts\/621664","targetHints":{"allow":["GET"]}}],"collection":[{"href":"https:\/\/www.europesays.com\/fr\/wp-json\/wp\/v2\/posts"}],"about":[{"href":"https:\/\/www.europesays.com\/fr\/wp-json\/wp\/v2\/types\/post"}],"author":[{"embeddable":true,"href":"https:\/\/www.europesays.com\/fr\/wp-json\/wp\/v2\/users\/2"}],"replies":[{"embeddable":true,"href":"https:\/\/www.europesays.com\/fr\/wp-json\/wp\/v2\/comments?post=621664"}],"version-history":[{"count":0,"href":"https:\/\/www.europesays.com\/fr\/wp-json\/wp\/v2\/posts\/621664\/revisions"}],"wp:featuredmedia":[{"embeddable":true,"href":"https:\/\/www.europesays.com\/fr\/wp-json\/wp\/v2\/media\/621665"}],"wp:attachment":[{"href":"https:\/\/www.europesays.com\/fr\/wp-json\/wp\/v2\/media?parent=621664"}],"wp:term":[{"taxonomy":"category","embeddable":true,"href":"https:\/\/www.europesays.com\/fr\/wp-json\/wp\/v2\/categories?post=621664"},{"taxonomy":"post_tag","embeddable":true,"href":"https:\/\/www.europesays.com\/fr\/wp-json\/wp\/v2\/tags?post=621664"}],"curies":[{"name":"wp","href":"https:\/\/api.w.org\/{rel}","templated":true}]}}