{"id":621666,"date":"2025-12-25T14:08:15","date_gmt":"2025-12-25T14:08:15","guid":{"rendered":"https:\/\/www.europesays.com\/fr\/621666\/"},"modified":"2025-12-25T14:08:15","modified_gmt":"2025-12-25T14:08:15","slug":"rimbach-pres-masevaux-la-sculpture-a-la-tronconneuse-un-art-qui-se-conjugue-aussi-au-feminin","status":"publish","type":"post","link":"https:\/\/www.europesays.com\/fr\/621666\/","title":{"rendered":"Rimbach-pr\u00e8s-Masevaux. La sculpture \u00e0 la tron\u00e7onneuse, un art qui se conjugue aussi au f\u00e9minin"},"content":{"rendered":"<p>En ce mardi matin embrum\u00e9, le calme qui r\u00e8gne habituellement sur les hauteurs de Rimbach-pr\u00e8s-Masevaux n\u2019est troubl\u00e9 que par le moteur p\u00e9taradant d\u2019une tron\u00e7onneuse. Point de b\u00fbcheron \u00e0 l\u2019horizon, mais une artiste, Sandrine Jenn, en plein travail de cr\u00e9ation. Avec dext\u00e9rit\u00e9, la jeune femme effleure du bout de sa cha\u00eene un bloc de bois qui prend peu \u00e0 peu l\u2019aspect d\u2019une t\u00eate de f\u00e9lin. Chat\u00a0? Lynx\u00a0? \u00ab\u00a0Je ne sais pas encore, c\u2019est souvent au cours de la sculpture que je d\u00e9cide vers quoi je vais m\u2019orienter. La d\u00e9couverte en plein travail d\u2019un d\u00e9faut ou d\u2019une particularit\u00e9 du bois, ou m\u00eame un morceau qui casse peut compl\u00e8tement changer mon projet\u00a0\u00bb, confie-t-elle.<\/p>\n<p>Sandrine Jenn est l\u2019une des rares femmes \u00e0 pratiquer la sculpture sur bois \u00e0 la tron\u00e7onneuse, un art qu\u2019elles ne seraient que quelques-unes \u00e0 ma\u00eetriser en France. \u00ab\u00a0D\u2019apr\u00e8s mes recherches, je suis peut-\u00eatre la seule en Alsace, et en France, nous devons \u00eatre trois ou quatre tout au plus, je&#8230;<\/p>\n","protected":false},"excerpt":{"rendered":"En ce mardi matin embrum\u00e9, le calme qui r\u00e8gne habituellement sur les hauteurs de Rimbach-pr\u00e8s-Masevaux n\u2019est troubl\u00e9 que&hellip;\n","protected":false},"author":2,"featured_media":621667,"comment_status":"","ping_status":"","sticky":false,"template":"","format":"standard","meta":{"footnotes":""},"categories":[1358],"tags":[1477,1348,1384,1385,1687,1386,58,33,1636,59,2271,107,1011,27,73129,73130],"class_list":{"0":"post-621666","1":"post","2":"type-post","3":"status-publish","4":"format-standard","5":"has-post-thumbnail","7":"category-arts-et-design","8":"tag-artisanat","9":"tag-arts","10":"tag-arts-and-design","11":"tag-arts-et-design","12":"tag-culture-loisirs","13":"tag-design","14":"tag-divertissement","15":"tag-economie","16":"tag-edition-mulhouse-thann","17":"tag-entertainment","18":"tag-exposition-arts-plastiques","19":"tag-fil-info","20":"tag-fr","21":"tag-france","22":"tag-rimbach-pres-masevaux","23":"tag-secteur-de-masevaux"},"share_on_mastodon":{"url":"https:\/\/pubeurope.com\/@fr\/115780603285918471","error":""},"_links":{"self":[{"href":"https:\/\/www.europesays.com\/fr\/wp-json\/wp\/v2\/posts\/621666","targetHints":{"allow":["GET"]}}],"collection":[{"href":"https:\/\/www.europesays.com\/fr\/wp-json\/wp\/v2\/posts"}],"about":[{"href":"https:\/\/www.europesays.com\/fr\/wp-json\/wp\/v2\/types\/post"}],"author":[{"embeddable":true,"href":"https:\/\/www.europesays.com\/fr\/wp-json\/wp\/v2\/users\/2"}],"replies":[{"embeddable":true,"href":"https:\/\/www.europesays.com\/fr\/wp-json\/wp\/v2\/comments?post=621666"}],"version-history":[{"count":0,"href":"https:\/\/www.europesays.com\/fr\/wp-json\/wp\/v2\/posts\/621666\/revisions"}],"wp:featuredmedia":[{"embeddable":true,"href":"https:\/\/www.europesays.com\/fr\/wp-json\/wp\/v2\/media\/621667"}],"wp:attachment":[{"href":"https:\/\/www.europesays.com\/fr\/wp-json\/wp\/v2\/media?parent=621666"}],"wp:term":[{"taxonomy":"category","embeddable":true,"href":"https:\/\/www.europesays.com\/fr\/wp-json\/wp\/v2\/categories?post=621666"},{"taxonomy":"post_tag","embeddable":true,"href":"https:\/\/www.europesays.com\/fr\/wp-json\/wp\/v2\/tags?post=621666"}],"curies":[{"name":"wp","href":"https:\/\/api.w.org\/{rel}","templated":true}]}}