{"id":621668,"date":"2025-12-25T14:10:16","date_gmt":"2025-12-25T14:10:16","guid":{"rendered":"https:\/\/www.europesays.com\/fr\/621668\/"},"modified":"2025-12-25T14:10:16","modified_gmt":"2025-12-25T14:10:16","slug":"sofia-morgavi-cette-celebre-star-quelle-reve-de-voir-a-la-star-academy","status":"publish","type":"post","link":"https:\/\/www.europesays.com\/fr\/621668\/","title":{"rendered":"Sofia Morgavi\u00a0: cette c\u00e9l\u00e8bre star qu\u2019elle r\u00eave de voir \u00e0 la Star Academy"},"content":{"rendered":"<p>\n\t\t\t\t\t\tPubli\u00e9 le 25\/12\/2025 \u00e0 11:55<\/p>\n<p><strong>Sofia Morgavi<\/strong> est l\u2019un des visages phares de la <strong> Star Academy <\/strong> depuis maintenant deux saisons sur TF1. La professeure de chant a d\u2019ailleurs d\u00e9voil\u00e9 la star qu\u2019elle aimerait voir invit\u00e9e dans le programme.<\/p>\n<p>Lors de la saison 12, en 2024, les t\u00e9l\u00e9spectateurs de la <a href=\"https:\/\/toutelatele.ouest-france.fr\/star-academy-055\" target=\"_blank\" rel=\"noopener\"><strong> Star Academy <\/strong><\/a> ont d\u00e9couvert la nouvelle professeure de chant, <strong>Sofia Morgavi<\/strong>. Depuis, cette adepte de l\u2019op\u00e9ra a su s\u2019imposer comme l\u2019un des nouveaux visages importants du programme parmi les autres professeurs.<\/p>\n<p>Dans les colonnes de l\u2019hebdomadaire T\u00e9l\u00e9 7 jours, Sofia Morgavi a d\u00e9voil\u00e9 son parcours avant d\u2019entrer dans le ch\u00e2teau de Dammarie-les-Lys. \u201cJ\u2019ai eu un parcours riche sur sc\u00e8ne et comme p\u00e9dagogue. J\u2019ai \u00e9t\u00e9 form\u00e9e tr\u00e8s t\u00f4t \u00e0 la musique, je suis pass\u00e9e par le Conservatoire et ai chant\u00e9 des r\u00f4les de solistes dans des th\u00e9\u00e2tres nationaux. J\u2019ai fait aussi du cin\u00e9ma, des s\u00e9ries, de la com\u00e9die musicale, j\u2019ai enseign\u00e9\u2026 J\u2019ai compris tr\u00e8s t\u00f4t que je voulais avoir une vie qui s\u2019articulerait autour de l\u2019artistique\u201d, a-t-elle confi\u00e9.<\/p>\n<p>\u00ab\u00a0Je respire \u00e0 200% Star Ac\u00a0\u00bb<\/p>\n<p>Sofia Morgavi a \u00e9galement \u00e9t\u00e9 interrog\u00e9e sur les changements qu\u2019elle vit dans cette nouvelle saison de la <strong> Star Academy <\/strong> par rapport \u00e0 l\u2019\u00e9dition pr\u00e9c\u00e9dente. En effet, si sa p\u00e9dagogie est rest\u00e9e la m\u00eame, elle est d\u00e9sormais plus famili\u00e8re au ch\u00e2teau et aux primes.<\/p>\n<p>\u201cJe suis rest\u00e9e moi-m\u00eame avec ma personnalit\u00e9 et mes valeurs, mais je connais maintenant les pi\u00e8ces du ch\u00e2teau. Je sais \u00e0 quoi m\u2019attendre et \u00e0 quel point les primes sont lourds \u00e0 encaisser. Alors, pendant ces mois, je respire \u00e0 200% Star Ac, comme si j\u2019\u00e9tais dans une autre dimension\u201d, a-t-elle d\u00e9clar\u00e9.<\/p>\n<p>Cette star que Sofia Morgavi veut voir \u00e0 la Star Academy<\/p>\n<p>Dans cet entretien, la professeure de chant de l\u2019\u00e9mission s\u2019est aussi exprim\u00e9e sur ce qui l\u2019impressionne dans cette promotion 2025 de la <strong> Star Academy <\/strong>. En effet, elle est notamment surprise par la maturit\u00e9 des candidats\u00a0: \u201cCe qui m\u2019\u00e9pate, c\u2019est qu\u2019ils sont volontaires et matures, peut-\u00eatre aussi plus aguerris. Ils voient bien que n\u2019importe qui aujourd\u2019hui peut sortir un EP et sont conscients de ce qu\u2019ils ont \u00e0 faire pour aller loin\u201d.<\/p>\n<p>Si durant chaque prime, une pl\u00e9iade d\u2019invit\u00e9s et de stars viennent chanter avec les \u00e9l\u00e8ves, Sofia Morgavi a bel et bien un r\u00eave au sujet d\u2019une personnalit\u00e9 qu\u2019elle aimerait \u00e0 tout prix voir sur TF1 sur le plateau\u00a0: \u201cRoberto Alagna. J\u2019adorais interpr\u00e9ter des airs napolitains et siciliens avec lui\u00a0!\u201d, a-t-elle r\u00e9v\u00e9l\u00e9.<\/p>\n<p><strong> Star Academy <\/strong> est \u00e0 retrouver tous les samedis en prime time sur TF1. La quotidienne de l\u2019\u00e9mission est \u00e0 suivre du lundi au vendredi \u00e0 17h30, le samedi \u00e0 17h15 et le dimanche \u00e0 16h05.<\/p>\n","protected":false},"excerpt":{"rendered":"Publi\u00e9 le 25\/12\/2025 \u00e0 11:55 Sofia Morgavi est l\u2019un des visages phares de la Star Academy depuis maintenant&hellip;\n","protected":false},"author":2,"featured_media":621669,"comment_status":"","ping_status":"","sticky":false,"template":"","format":"standard","meta":{"footnotes":""},"categories":[1356],"tags":[58,59,1011,27,252,1364],"class_list":{"0":"post-621668","1":"post","2":"type-post","3":"status-publish","4":"format-standard","5":"has-post-thumbnail","7":"category-television","8":"tag-divertissement","9":"tag-entertainment","10":"tag-fr","11":"tag-france","12":"tag-television","13":"tag-tv"},"share_on_mastodon":{"url":"https:\/\/pubeurope.com\/@fr\/115780611444686365","error":""},"_links":{"self":[{"href":"https:\/\/www.europesays.com\/fr\/wp-json\/wp\/v2\/posts\/621668","targetHints":{"allow":["GET"]}}],"collection":[{"href":"https:\/\/www.europesays.com\/fr\/wp-json\/wp\/v2\/posts"}],"about":[{"href":"https:\/\/www.europesays.com\/fr\/wp-json\/wp\/v2\/types\/post"}],"author":[{"embeddable":true,"href":"https:\/\/www.europesays.com\/fr\/wp-json\/wp\/v2\/users\/2"}],"replies":[{"embeddable":true,"href":"https:\/\/www.europesays.com\/fr\/wp-json\/wp\/v2\/comments?post=621668"}],"version-history":[{"count":0,"href":"https:\/\/www.europesays.com\/fr\/wp-json\/wp\/v2\/posts\/621668\/revisions"}],"wp:featuredmedia":[{"embeddable":true,"href":"https:\/\/www.europesays.com\/fr\/wp-json\/wp\/v2\/media\/621669"}],"wp:attachment":[{"href":"https:\/\/www.europesays.com\/fr\/wp-json\/wp\/v2\/media?parent=621668"}],"wp:term":[{"taxonomy":"category","embeddable":true,"href":"https:\/\/www.europesays.com\/fr\/wp-json\/wp\/v2\/categories?post=621668"},{"taxonomy":"post_tag","embeddable":true,"href":"https:\/\/www.europesays.com\/fr\/wp-json\/wp\/v2\/tags?post=621668"}],"curies":[{"name":"wp","href":"https:\/\/api.w.org\/{rel}","templated":true}]}}