{"id":621677,"date":"2025-12-25T14:15:28","date_gmt":"2025-12-25T14:15:28","guid":{"rendered":"https:\/\/www.europesays.com\/fr\/621677\/"},"modified":"2025-12-25T14:15:28","modified_gmt":"2025-12-25T14:15:28","slug":"faut-il-lire-en-cachette-la-femme-de-menage-de-freida-mcfadden-adapte-actuellement-au-cinema","status":"publish","type":"post","link":"https:\/\/www.europesays.com\/fr\/621677\/","title":{"rendered":"Faut-il lire en cachette La Femme de m\u00e9nage de Freida McFadden, adapt\u00e9 actuellement au cin\u00e9ma ?"},"content":{"rendered":"<p>\n    Que vous l\u2019ayez re\u00e7u en cadeau ou que l\u2019envie vous prenne de voir son adaptation avec Sydney Sweeney, une recension de l\u2019ouvrage ph\u00e9nom\u00e8ne s\u2019imposait. Sans prendre de gants.<\/p>\n<p class=\"fig-paragraph\">Ah, les\u00a0<a href=\"http:\/\/www.lefigaro.fr\/culture\/eric-neuhoff-les-vertus-du-snobisme-un-tamis-contre-le-tout-venant-20251221\" target=\"_blank\" data-fig-type=\"Article\" rel=\"noopener\" data-gtm-custom-categorie=\"navigation\" data-gtm-custom-action=\"crossclick\" data-gtm-custom-label=\"Contextuel\" data-gtm-event=\"customEventSPE\" data-fig-domain=\"LEFIGARO\">snobs<\/a>\u00a0! \u00c0 mesure que le nombre des lecteurs grossissait, les d\u00e9tracteurs et les moqueurs se soudaient contre cette couverture bleue, symbole de la litt\u00e9rature l\u00e9g\u00e8re. Allant jusqu\u2019au d\u00e9dain pour ceux qui feuillettent l\u2019ouvrage dans le m\u00e9tro, comme un aveu au grand jour de compromission avec l\u2019air du temps. Lire\u00a0<a href=\"http:\/\/madame.lefigaro.fr\/cinema\/faut-il-avoir-lu-la-femme-de-menage-avant-de-voir-le-film-ou-inversement-20251217\" target=\"_blank\" data-fig-type=\"Article\" rel=\"noopener\" data-gtm-custom-categorie=\"navigation\" data-gtm-custom-action=\"crossclick\" data-gtm-custom-label=\"Contextuel\" data-gtm-event=\"customEventSPE\" data-fig-domain=\"MADAME\">La Femme de m\u00e9nage<\/a> \u00a0? Cela reviendrait \u00e0 r\u00e9veillonner en chantant Fran\u00e7ois Feldman, tr\u00e8s fort, tr\u00e8s mal, avant de d\u00e9vorer un best of humoristique sur une cha\u00eene du c\u00e2ble. Une s\u00e9ance de torture pour Alain Finkielkraut ; la mort de la civilisation.<\/p>\n<p class=\"fig-paragraph\">L\u2019industrie du livre doit pourtant \u00e0 La Femme de m\u00e9nage, saga reconnaissable \u00e0 la simplicit\u00e9 de ses titres et de ses couvertures, produits marketings qui devraient conna\u00eetre une nouvelle embellie en cette p\u00e9riode de No\u00ebl.\u00a0<a href=\"http:\/\/www.lefigaro.fr\/livres\/la-revanche-des-petites-gens-sur-les-nantis-la-femme-de-menage-nouvelle-heroine-de-roman-20250409\" target=\"_blank\" data-fig-type=\"Article\" rel=\"noopener\" data-gtm-custom-categorie=\"navigation\" data-gtm-custom-action=\"crossclick\" data-gtm-custom-label=\"Contextuel\" data-gtm-event=\"customEventSPE\" data-fig-domain=\"LEFIGARO\">Sept millions en ont \u00e9t\u00e9 vendus depuis 2023 en France<\/a>. Les autres livres de McFadden, une m\u00e9decin am\u00e9ricaine qui ausculte des l\u00e9sions c\u00e9r\u00e9brales quand elle ne cherche pas \u00e0 jouer avec les nerfs de ses lecteurs\u2026<\/p>\n<p class=\"fig-premium-paywall__infos\">\n        Cet article est r\u00e9serv\u00e9 aux abonn\u00e9s.        Il vous reste 76% \u00e0 d\u00e9couvrir.\n    <\/p>\n<p>                <img  data- alt=\"Le Figaro\" class=\"fig-img--complete fig-img\"\/><\/p>\n<p class=\"fig-premium-paywall__title\">Vous avez envie de lire la suite ?<\/p>\n<p class=\"fig-premium-paywall__subtitle\">D\u00e9bloquez tous les articles imm\u00e9diatement.<\/p>\n<p class=\"fig-premium-paywall__connect\">\n                D\u00e9j\u00e0 abonn\u00e9\u00a0?                <a class=\"fig-premium-paywall__connect-link\" href=\"https:\/\/connect.lefigaro.fr\/login?client=horizon_web&amp;type=main&amp;redirect_uri=https%3A%2F%2Fwww.lefigaro.fr%2Flivres%2Ffaut-il-lire-en-cachette-la-femme-de-menage-de-freida-mcfadden-adapte-actuellement-au-cinema-20251225\" data-js-gtm=\"{&quot;customCategorie&quot;: &quot;conversion&quot;, &quot;customAction&quot;: &quot;before_Landing_Connexion_paywall_auto&quot;, &quot;customLabel&quot;: &quot;bGVmaWdhcm8uZnJfXzFmMGUwYTQ3LTQ1ZjQtNjJhNC04ZmZhLTlkNzJkNWQ5ZTdlZV9fQXJ0aWNsZQ==_Faut-il lire en cachette &lt;i&gt;La Femme de m\u00e9nage&lt;\/i&gt; de Freida McFadden, adapt\u00e9 actuellement au cin\u00e9ma\u00a0?_423&quot;, &quot;customIDSPE&quot;: &quot;bGVmaWdhcm8uZnJfXzFmMGUwYTQ3LTQ1ZjQtNjJhNC04ZmZhLTlkNzJkNWQ5ZTdlZV9fQXJ0aWNsZQ==&quot;, &quot;event&quot;: &quot;customEventSPE&quot;}\" target=\"_blank\" rel=\"noopener\"><br \/>\n                    Connectez-vous<br \/>\n                <\/a>\n            <\/p>\n","protected":false},"excerpt":{"rendered":"Que vous l\u2019ayez re\u00e7u en cadeau ou que l\u2019envie vous prenne de voir son adaptation avec Sydney Sweeney,&hellip;\n","protected":false},"author":2,"featured_media":621678,"comment_status":"","ping_status":"","sticky":false,"template":"","format":"standard","meta":{"footnotes":""},"categories":[8],"tags":[58,59,1011,27,2003,15830],"class_list":{"0":"post-621677","1":"post","2":"type-post","3":"status-publish","4":"format-standard","5":"has-post-thumbnail","7":"category-divertissement","8":"tag-divertissement","9":"tag-entertainment","10":"tag-fr","11":"tag-france","12":"tag-livre","13":"tag-noel"},"share_on_mastodon":{"url":"https:\/\/pubeurope.com\/@fr\/115780630819388237","error":""},"_links":{"self":[{"href":"https:\/\/www.europesays.com\/fr\/wp-json\/wp\/v2\/posts\/621677","targetHints":{"allow":["GET"]}}],"collection":[{"href":"https:\/\/www.europesays.com\/fr\/wp-json\/wp\/v2\/posts"}],"about":[{"href":"https:\/\/www.europesays.com\/fr\/wp-json\/wp\/v2\/types\/post"}],"author":[{"embeddable":true,"href":"https:\/\/www.europesays.com\/fr\/wp-json\/wp\/v2\/users\/2"}],"replies":[{"embeddable":true,"href":"https:\/\/www.europesays.com\/fr\/wp-json\/wp\/v2\/comments?post=621677"}],"version-history":[{"count":0,"href":"https:\/\/www.europesays.com\/fr\/wp-json\/wp\/v2\/posts\/621677\/revisions"}],"wp:featuredmedia":[{"embeddable":true,"href":"https:\/\/www.europesays.com\/fr\/wp-json\/wp\/v2\/media\/621678"}],"wp:attachment":[{"href":"https:\/\/www.europesays.com\/fr\/wp-json\/wp\/v2\/media?parent=621677"}],"wp:term":[{"taxonomy":"category","embeddable":true,"href":"https:\/\/www.europesays.com\/fr\/wp-json\/wp\/v2\/categories?post=621677"},{"taxonomy":"post_tag","embeddable":true,"href":"https:\/\/www.europesays.com\/fr\/wp-json\/wp\/v2\/tags?post=621677"}],"curies":[{"name":"wp","href":"https:\/\/api.w.org\/{rel}","templated":true}]}}