{"id":621681,"date":"2025-12-25T14:19:16","date_gmt":"2025-12-25T14:19:16","guid":{"rendered":"https:\/\/www.europesays.com\/fr\/621681\/"},"modified":"2025-12-25T14:19:16","modified_gmt":"2025-12-25T14:19:16","slug":"cette-mini-poubelle-design-a-moins-de-5-e-chez-leroy-merlin-va-sauver-les-petites-cuisines-pour-le-tri-obligatoire","status":"publish","type":"post","link":"https:\/\/www.europesays.com\/fr\/621681\/","title":{"rendered":"Cette mini poubelle design \u00e0 moins de 5 \u20ac chez Leroy Merlin va sauver les petites cuisines pour le tri obligatoire"},"content":{"rendered":"<p>Entre la nouvelle obligation de trier ses restes de repas et les<br \/>\npetites cuisines qui manquent d\u00e9j\u00e0 de rangements, beaucoup ne<br \/>\nsavent plus o\u00f9 poser leurs bacs. Le tri finit souvent par<br \/>\ntransformer le sol en alignement de poubelles peu \u00e9l\u00e9gantes, loin<br \/>\nde l\u2019image \u00e9pur\u00e9e que l\u2019on aime pour la pi\u00e8ce \u00e0 vivre ouverte.<\/p>\n<p>Dans ce contexte o\u00f9 chaque centim\u00e8tre compte, l\u2019id\u00e9e d\u2019ajouter<br \/>\nun bac d\u00e9di\u00e9 aux <strong>biod\u00e9chets<\/strong> peut sembler mission<br \/>\nimpossible. Leroy Merlin mise justement sur une mini<br \/>\n<strong>poubelle de cuisine compacte<\/strong>, pens\u00e9e pour se faire<br \/>\noublier tout en facilitant le tri au quotidien, avec un prix qui<br \/>\ncasse les codes habituels des poubelles design.<\/p>\n<p>Pourquoi cette poubelle de cuisine compacte Leroy Merlin tombe<br \/>\n\u00e0 pic<\/p>\n<p>Depuis le 1er janvier 2024, la <strong>Loi AGEC<\/strong> impose<br \/>\nle tri \u00e0 la source des biod\u00e9chets \u00e0 tous les particuliers. Le<br \/>\nminist\u00e8re de la Transition \u00e9cologique rappelle que ces d\u00e9chets<br \/>\nalimentaires repr\u00e9sentent pr\u00e8s d\u2019un tiers de la poubelle des<br \/>\nFran\u00e7ais, soit environ 80 kg par habitant et par an. Sans petit<br \/>\ncontenant \u00e0 port\u00e9e de main dans la cuisine, ce nouveau geste reste<br \/>\ncompliqu\u00e9 \u00e0 tenir.<\/p>\n<p>Dans l\u2019univers de la d\u00e9co, les poubelles sont devenues de vrais<br \/>\nobjets, mais souvent \u00e0 des tarifs \u00e9lev\u00e9s : certains mod\u00e8les design<br \/>\natteignent 40 \u20ac, 99 \u20ac, 130 \u20ac, 219 \u20ac, jusqu\u2019\u00e0 290 \u20ac ou m\u00eame 595 \u20ac.<br \/>\nM\u00eame chez Leroy Merlin, une petite poubelle de 7 l en plastique<br \/>\navec couvercle inox se situe autour de 36 \u20ac. L\u2019arriv\u00e9e d\u2019un mod\u00e8le<br \/>\ncompact autour de 5 \u00e0 6 \u20ac change clairement la donne pour les<br \/>\nbudgets serr\u00e9s.<\/p>\n<p>FOLD Delinia : mini poubelle design et prix mini chez Leroy<br \/>\nMerlin<\/p>\n<p>Le mod\u00e8le mis en avant par l\u2019enseigne est la <strong>poubelle<br \/>\npour d\u00e9chets organiques FOLD Delinia 6 l grise<\/strong>, un petit<br \/>\nbac rectangulaire en polypropyl\u00e8ne pens\u00e9 pour la cuisine. Sa<br \/>\ncapacit\u00e9 r\u00e9elle tourne autour de 5 l, suffisante pour les<br \/>\n\u00e9pluchures, marc de caf\u00e9 et restes alimentaires d\u2019une journ\u00e9e ou<br \/>\ndeux dans un foyer r\u00e9duit. Sa forme droite lui permet de se coller<br \/>\ncontre un meuble, de se glisser sous l\u2019\u00e9vier ou de se poser<br \/>\ndiscr\u00e8tement sur le plan de travail.<\/p>\n<p>Sur le site espagnol de Leroy Merlin, son prix constat\u00e9 est de<br \/>\n5,99 \u20ac, soit environ 6 \u20ac. \u00c0 titre de comparaison, une poubelle pour<br \/>\nd\u00e9chets organiques de 4,5 l en plastique recycl\u00e9 affiche 18,39 \u20ac,<br \/>\net un seau de compost de 5 l WENKO Tago monte \u00e0 35,96 \u20ac. La FOLD<br \/>\nDelinia reste donc environ trois \u00e0 six fois moins ch\u00e8re pour un<br \/>\nvolume similaire. Ce qu\u2019il faut retenir de cette poubelle de<br \/>\ncuisine compacte Leroy Merlin :<\/p>\n<ul>\n<li>Volume d\u2019environ 5 l d\u00e9di\u00e9 aux biod\u00e9chets du quotidien<\/li>\n<li>Dimensions r\u00e9duites : 18 cm de haut, 25,5 cm de large, 17,4 cm<br \/>\nde profondeur<\/li>\n<li>Forme rectangulaire et fonction r\u00e9tractable pour se plaquer aux<br \/>\nmeubles<\/li>\n<li>Mati\u00e8re en polypropyl\u00e8ne gris, l\u00e9g\u00e8re et facile \u00e0 nettoyer<\/li>\n<\/ul>\n<p>Comment utiliser cette poubelle<br \/>\ncompacte pour trier les biod\u00e9chets<\/p>\n<p>Avec seulement 18 cm de hauteur, 25,5 cm de largeur et 17,4 cm<br \/>\nde profondeur, la FOLD Delinia tient sans effort \u00e0 c\u00f4t\u00e9 de l\u2019\u00e9vier,<br \/>\nsur un coin de plan de travail ou sur une \u00e9tag\u00e8re int\u00e9rieure de<br \/>\nplacard. Pour un couple, 5 l couvrent souvent une \u00e0 deux journ\u00e9es<br \/>\nde biod\u00e9chets ; pour une famille de quatre personnes, un vidage<br \/>\nquotidien reste plus confortable, ce qui limite aussi les<br \/>\nodeurs.<\/p>\n<p>Au quotidien, beaucoup l\u2019utilisent comme mini seau \u00e0 compost :<br \/>\nsortie sur le plan de travail pendant la pr\u00e9paration des repas,<br \/>\npuis rang\u00e9e sous l\u2019\u00e9vier une fois remplie. Des sacs compostables de<br \/>\n5 l facilitent le vidage vers un composteur ou un bac de collecte.<br \/>\nUn rin\u00e7age r\u00e9gulier \u00e0 l\u2019eau savonneuse, un peu de bicarbonate au<br \/>\nfond et un couvercle bien ferm\u00e9 suffisent en g\u00e9n\u00e9ral \u00e0 garder la<br \/>\npoubelle neutre. Sa couleur grise se fond aussi bien dans une<br \/>\ncuisine blanche que dans un d\u00e9cor bois ou noir, ce qui permet de la<br \/>\nlaisser visible sans casser l\u2019ambiance, ou au contraire de la<br \/>\ndissimuler totalement pour ceux qui pr\u00e9f\u00e8rent une cuisine ultra<br \/>\n\u00e9pur\u00e9e.<\/p>\n","protected":false},"excerpt":{"rendered":"Entre la nouvelle obligation de trier ses restes de repas et les petites cuisines qui manquent d\u00e9j\u00e0 de&hellip;\n","protected":false},"author":2,"featured_media":621682,"comment_status":"","ping_status":"","sticky":false,"template":"","format":"standard","meta":{"footnotes":""},"categories":[6],"tags":[930,9638,13041,35,3477,3530,3012,1805,1386,23544,33,34,1011,27,71653,151,4754,39037,379,3024,28989,9662,471,9874,25019,29721],"class_list":{"0":"post-621681","1":"post","2":"type-post","3":"status-publish","4":"format-standard","5":"has-post-thumbnail","7":"category-economie","8":"tag-le","9":"tag-9638","10":"tag-a","11":"tag-business","12":"tag-cette","13":"tag-chez","14":"tag-cuisines","15":"tag-de","16":"tag-design","17":"tag-e","18":"tag-economie","19":"tag-economy","20":"tag-fr","21":"tag-france","22":"tag-leroy","23":"tag-les","24":"tag-merlin","25":"tag-mini","26":"tag-moins","27":"tag-obligatoire","28":"tag-petites","29":"tag-poubelle","30":"tag-pour","31":"tag-sauver","32":"tag-tri","33":"tag-va"},"share_on_mastodon":{"url":"https:\/\/pubeurope.com\/@fr\/115780646634758325","error":""},"_links":{"self":[{"href":"https:\/\/www.europesays.com\/fr\/wp-json\/wp\/v2\/posts\/621681","targetHints":{"allow":["GET"]}}],"collection":[{"href":"https:\/\/www.europesays.com\/fr\/wp-json\/wp\/v2\/posts"}],"about":[{"href":"https:\/\/www.europesays.com\/fr\/wp-json\/wp\/v2\/types\/post"}],"author":[{"embeddable":true,"href":"https:\/\/www.europesays.com\/fr\/wp-json\/wp\/v2\/users\/2"}],"replies":[{"embeddable":true,"href":"https:\/\/www.europesays.com\/fr\/wp-json\/wp\/v2\/comments?post=621681"}],"version-history":[{"count":0,"href":"https:\/\/www.europesays.com\/fr\/wp-json\/wp\/v2\/posts\/621681\/revisions"}],"wp:featuredmedia":[{"embeddable":true,"href":"https:\/\/www.europesays.com\/fr\/wp-json\/wp\/v2\/media\/621682"}],"wp:attachment":[{"href":"https:\/\/www.europesays.com\/fr\/wp-json\/wp\/v2\/media?parent=621681"}],"wp:term":[{"taxonomy":"category","embeddable":true,"href":"https:\/\/www.europesays.com\/fr\/wp-json\/wp\/v2\/categories?post=621681"},{"taxonomy":"post_tag","embeddable":true,"href":"https:\/\/www.europesays.com\/fr\/wp-json\/wp\/v2\/tags?post=621681"}],"curies":[{"name":"wp","href":"https:\/\/api.w.org\/{rel}","templated":true}]}}